{"id":1039,"date":"2017-11-03T13:28:39","date_gmt":"2017-11-03T12:28:39","guid":{"rendered":"http:\/\/kiga-im-alten-schulhaus.de\/kias2\/?p=1039"},"modified":"2018-07-02T17:45:41","modified_gmt":"2018-07-02T16:45:41","slug":"eu-schulprogramm-wir-sind-dabei","status":"publish","type":"post","link":"https:\/\/kiga-im-alten-schulhaus.de\/kias2\/2017\/11\/03\/eu-schulprogramm-wir-sind-dabei\/","title":{"rendered":"EU-Schulprogramm \u2013 Wir sind dabei!"},"content":{"rendered":"<p><strong>Das EU-Schulprogramm soll die Wertsch\u00e4tzung von Obst, Gem\u00fcse, Milch und Milchprodukten bei Kindern steigern und die Entwicklung eines gesundheitsf\u00f6rderlichen Ern\u00e4hrungsverhaltens unterst\u00fctzen.<br \/>\n<\/strong><\/p>\n<p><!--more--><\/p>\n<p>Sch\u00fclerinnen und Sch\u00fcler der Jahrgangsstufen 1 bis 4 und Kinder ab drei Jahren bis zum Schuleintritt in Kinderg\u00e4rten und H\u00e4usern f\u00fcr Kinder erhalten auch ab dem neuen Schuljahr kostenlos bevorzugt regionales und saisonales Obst und Gem\u00fcse. Die kostenlose Abgabe von Milch und ausgew\u00e4hlten Milchprodukten erfolgt voraussichtlich im Laufe des neuen Schuljahres. Der Termin wird rechtzeitig bekanntgegeben. Das neue EU-Schulprogramm wird aus EU- und Landesmitteln finanziert.<\/p>\n<p>Unsere Einrichtung nimmt am europ\u00e4ischen \u201e<a href=\"http:\/\/www.stmelf.bayern.de\/agrarpolitik\/foerderung\/154596\/\">Schulprogramm<\/a>\u201c mit finanzieller Unterst\u00fctzung der Europ\u00e4ischen Gemeinschaft teil.<\/p>\n<p>&nbsp;<\/p>\n<p><a href=\"http:\/\/www.stmelf.bayern.de\/agrarpolitik\/foerderung\/154596\/\"><img loading=\"lazy\" decoding=\"async\" class=\"alignleft wp-image-1044\" src=\"https:\/\/kiga-im-alten-schulhaus.de\/kias2\/wp-content\/uploads\/2017\/11\/poster_schulprogramm-1-212x300.jpg\" alt=\"\" width=\"512\" height=\"725\" \/><\/a><\/p>\n","protected":false},"excerpt":{"rendered":"<p>Das EU-Schulprogramm soll die Wertsch\u00e4tzung von Obst, Gem\u00fcse, Milch und Milchprodukten bei Kindern steigern und die Entwicklung eines gesundheitsf\u00f6rderlichen Ern\u00e4hrungsverhaltens unterst\u00fctzen.<\/p>\n","protected":false},"author":11,"featured_media":1048,"comment_status":"open","ping_status":"open","sticky":false,"template":"","format":"standard","meta":{"footnotes":""},"categories":[1],"tags":[],"class_list":["post-1039","post","type-post","status-publish","format-standard","has-post-thumbnail","hentry","category-uncategorized"],"yoast_head":"<!-- This site is optimized with the Yoast SEO plugin v27.4 - https:\/\/yoast.com\/product\/yoast-seo-wordpress\/ -->\n<title>Kindergarten im alten Schulhaus e.V. &#8211; EU-Schulprogramm \u2013 Wir sind dabei!<\/title>\n<meta name=\"robots\" content=\"index, follow, max-snippet:-1, max-image-preview:large, max-video-preview:-1\" \/>\n<link rel=\"canonical\" href=\"https:\/\/kiga-im-alten-schulhaus.de\/kias2\/2017\/11\/03\/eu-schulprogramm-wir-sind-dabei\/\" \/>\n<meta property=\"og:locale\" content=\"de_DE\" \/>\n<meta property=\"og:type\" content=\"article\" \/>\n<meta property=\"og:title\" content=\"Kindergarten im alten Schulhaus e.V. &#8211; EU-Schulprogramm \u2013 Wir sind dabei!\" \/>\n<meta property=\"og:description\" content=\"Das EU-Schulprogramm soll die Wertsch\u00e4tzung von Obst, Gem\u00fcse, Milch und Milchprodukten bei Kindern steigern und die Entwicklung eines gesundheitsf\u00f6rderlichen Ern\u00e4hrungsverhaltens unterst\u00fctzen.\" \/>\n<meta property=\"og:url\" content=\"https:\/\/kiga-im-alten-schulhaus.de\/kias2\/2017\/11\/03\/eu-schulprogramm-wir-sind-dabei\/\" \/>\n<meta property=\"og:site_name\" content=\"Kindergarten im alten Schulhaus e.V.\" \/>\n<meta property=\"article:published_time\" content=\"2017-11-03T12:28:39+00:00\" \/>\n<meta property=\"article:modified_time\" content=\"2018-07-02T16:45:41+00:00\" \/>\n<meta property=\"og:image\" content=\"https:\/\/kiga-im-alten-schulhaus.de\/kias2\/wp-content\/uploads\/2017\/11\/Obst-Fruechte.jpg\" \/>\n\t<meta property=\"og:image:width\" content=\"500\" \/>\n\t<meta property=\"og:image:height\" content=\"300\" \/>\n\t<meta property=\"og:image:type\" content=\"image\/jpeg\" \/>\n<meta name=\"author\" content=\"IT Amt\" \/>\n<meta name=\"twitter:card\" content=\"summary_large_image\" \/>\n<meta name=\"twitter:label1\" content=\"Verfasst von\" \/>\n\t<meta name=\"twitter:data1\" content=\"IT Amt\" \/>\n\t<meta name=\"twitter:label2\" content=\"Gesch\u00e4tzte Lesezeit\" \/>\n\t<meta name=\"twitter:data2\" content=\"1\u00a0Minute\" \/>\n<script type=\"application\/ld+json\" class=\"yoast-schema-graph\">{\"@context\":\"https:\\\/\\\/schema.org\",\"@graph\":[{\"@type\":\"Article\",\"@id\":\"https:\\\/\\\/kiga-im-alten-schulhaus.de\\\/kias2\\\/2017\\\/11\\\/03\\\/eu-schulprogramm-wir-sind-dabei\\\/#article\",\"isPartOf\":{\"@id\":\"https:\\\/\\\/kiga-im-alten-schulhaus.de\\\/kias2\\\/2017\\\/11\\\/03\\\/eu-schulprogramm-wir-sind-dabei\\\/\"},\"author\":{\"name\":\"IT Amt\",\"@id\":\"https:\\\/\\\/kiga-im-alten-schulhaus.de\\\/kias2\\\/#\\\/schema\\\/person\\\/d26c8530df301e82287b24b5ebf30c77\"},\"headline\":\"EU-Schulprogramm \u2013 Wir sind dabei!\",\"datePublished\":\"2017-11-03T12:28:39+00:00\",\"dateModified\":\"2018-07-02T16:45:41+00:00\",\"mainEntityOfPage\":{\"@id\":\"https:\\\/\\\/kiga-im-alten-schulhaus.de\\\/kias2\\\/2017\\\/11\\\/03\\\/eu-schulprogramm-wir-sind-dabei\\\/\"},\"wordCount\":117,\"commentCount\":0,\"publisher\":{\"@id\":\"https:\\\/\\\/kiga-im-alten-schulhaus.de\\\/kias2\\\/#organization\"},\"image\":{\"@id\":\"https:\\\/\\\/kiga-im-alten-schulhaus.de\\\/kias2\\\/2017\\\/11\\\/03\\\/eu-schulprogramm-wir-sind-dabei\\\/#primaryimage\"},\"thumbnailUrl\":\"https:\\\/\\\/kiga-im-alten-schulhaus.de\\\/kias2\\\/wp-content\\\/uploads\\\/2017\\\/11\\\/Obst-Fruechte.jpg\",\"articleSection\":[\"Uncategorized\"],\"inLanguage\":\"de\",\"potentialAction\":[{\"@type\":\"CommentAction\",\"name\":\"Comment\",\"target\":[\"https:\\\/\\\/kiga-im-alten-schulhaus.de\\\/kias2\\\/2017\\\/11\\\/03\\\/eu-schulprogramm-wir-sind-dabei\\\/#respond\"]}]},{\"@type\":\"WebPage\",\"@id\":\"https:\\\/\\\/kiga-im-alten-schulhaus.de\\\/kias2\\\/2017\\\/11\\\/03\\\/eu-schulprogramm-wir-sind-dabei\\\/\",\"url\":\"https:\\\/\\\/kiga-im-alten-schulhaus.de\\\/kias2\\\/2017\\\/11\\\/03\\\/eu-schulprogramm-wir-sind-dabei\\\/\",\"name\":\"Kindergarten im alten Schulhaus e.V. &#8211; EU-Schulprogramm \u2013 Wir sind dabei!\",\"isPartOf\":{\"@id\":\"https:\\\/\\\/kiga-im-alten-schulhaus.de\\\/kias2\\\/#website\"},\"primaryImageOfPage\":{\"@id\":\"https:\\\/\\\/kiga-im-alten-schulhaus.de\\\/kias2\\\/2017\\\/11\\\/03\\\/eu-schulprogramm-wir-sind-dabei\\\/#primaryimage\"},\"image\":{\"@id\":\"https:\\\/\\\/kiga-im-alten-schulhaus.de\\\/kias2\\\/2017\\\/11\\\/03\\\/eu-schulprogramm-wir-sind-dabei\\\/#primaryimage\"},\"thumbnailUrl\":\"https:\\\/\\\/kiga-im-alten-schulhaus.de\\\/kias2\\\/wp-content\\\/uploads\\\/2017\\\/11\\\/Obst-Fruechte.jpg\",\"datePublished\":\"2017-11-03T12:28:39+00:00\",\"dateModified\":\"2018-07-02T16:45:41+00:00\",\"breadcrumb\":{\"@id\":\"https:\\\/\\\/kiga-im-alten-schulhaus.de\\\/kias2\\\/2017\\\/11\\\/03\\\/eu-schulprogramm-wir-sind-dabei\\\/#breadcrumb\"},\"inLanguage\":\"de\",\"potentialAction\":[{\"@type\":\"ReadAction\",\"target\":[\"https:\\\/\\\/kiga-im-alten-schulhaus.de\\\/kias2\\\/2017\\\/11\\\/03\\\/eu-schulprogramm-wir-sind-dabei\\\/\"]}]},{\"@type\":\"ImageObject\",\"inLanguage\":\"de\",\"@id\":\"https:\\\/\\\/kiga-im-alten-schulhaus.de\\\/kias2\\\/2017\\\/11\\\/03\\\/eu-schulprogramm-wir-sind-dabei\\\/#primaryimage\",\"url\":\"https:\\\/\\\/kiga-im-alten-schulhaus.de\\\/kias2\\\/wp-content\\\/uploads\\\/2017\\\/11\\\/Obst-Fruechte.jpg\",\"contentUrl\":\"https:\\\/\\\/kiga-im-alten-schulhaus.de\\\/kias2\\\/wp-content\\\/uploads\\\/2017\\\/11\\\/Obst-Fruechte.jpg\",\"width\":500,\"height\":300},{\"@type\":\"BreadcrumbList\",\"@id\":\"https:\\\/\\\/kiga-im-alten-schulhaus.de\\\/kias2\\\/2017\\\/11\\\/03\\\/eu-schulprogramm-wir-sind-dabei\\\/#breadcrumb\",\"itemListElement\":[{\"@type\":\"ListItem\",\"position\":1,\"name\":\"Home\",\"item\":\"https:\\\/\\\/kiga-im-alten-schulhaus.de\\\/kias2\\\/\"},{\"@type\":\"ListItem\",\"position\":2,\"name\":\"EU-Schulprogramm \u2013 Wir sind dabei!\"}]},{\"@type\":\"WebSite\",\"@id\":\"https:\\\/\\\/kiga-im-alten-schulhaus.de\\\/kias2\\\/#website\",\"url\":\"https:\\\/\\\/kiga-im-alten-schulhaus.de\\\/kias2\\\/\",\"name\":\"Kindergarten im alten Schulhaus e.V.\",\"description\":\"\",\"publisher\":{\"@id\":\"https:\\\/\\\/kiga-im-alten-schulhaus.de\\\/kias2\\\/#organization\"},\"potentialAction\":[{\"@type\":\"SearchAction\",\"target\":{\"@type\":\"EntryPoint\",\"urlTemplate\":\"https:\\\/\\\/kiga-im-alten-schulhaus.de\\\/kias2\\\/?s={search_term_string}\"},\"query-input\":{\"@type\":\"PropertyValueSpecification\",\"valueRequired\":true,\"valueName\":\"search_term_string\"}}],\"inLanguage\":\"de\"},{\"@type\":\"Organization\",\"@id\":\"https:\\\/\\\/kiga-im-alten-schulhaus.de\\\/kias2\\\/#organization\",\"name\":\"Kindergarten im Alten Schulhaus e.V.\",\"url\":\"https:\\\/\\\/kiga-im-alten-schulhaus.de\\\/kias2\\\/\",\"logo\":{\"@type\":\"ImageObject\",\"inLanguage\":\"de\",\"@id\":\"https:\\\/\\\/kiga-im-alten-schulhaus.de\\\/kias2\\\/#\\\/schema\\\/logo\\\/image\\\/\",\"url\":\"http:\\\/\\\/kiga-im-alten-schulhaus.de\\\/kias2\\\/wp-content\\\/uploads\\\/2017\\\/03\\\/cropped-haus-1.jpg\",\"contentUrl\":\"http:\\\/\\\/kiga-im-alten-schulhaus.de\\\/kias2\\\/wp-content\\\/uploads\\\/2017\\\/03\\\/cropped-haus-1.jpg\",\"width\":512,\"height\":512,\"caption\":\"Kindergarten im Alten Schulhaus e.V.\"},\"image\":{\"@id\":\"https:\\\/\\\/kiga-im-alten-schulhaus.de\\\/kias2\\\/#\\\/schema\\\/logo\\\/image\\\/\"}},{\"@type\":\"Person\",\"@id\":\"https:\\\/\\\/kiga-im-alten-schulhaus.de\\\/kias2\\\/#\\\/schema\\\/person\\\/d26c8530df301e82287b24b5ebf30c77\",\"name\":\"IT Amt\",\"sameAs\":[\"http:\\\/\\\/kiga-im-alten-schulhaus.de\\\/\"],\"url\":\"https:\\\/\\\/kiga-im-alten-schulhaus.de\\\/kias2\\\/author\\\/it-amt\\\/\"}]}<\/script>\n<!-- \/ Yoast SEO plugin. -->","yoast_head_json":{"title":"Kindergarten im alten Schulhaus e.V. &#8211; EU-Schulprogramm \u2013 Wir sind dabei!","robots":{"index":"index","follow":"follow","max-snippet":"max-snippet:-1","max-image-preview":"max-image-preview:large","max-video-preview":"max-video-preview:-1"},"canonical":"https:\/\/kiga-im-alten-schulhaus.de\/kias2\/2017\/11\/03\/eu-schulprogramm-wir-sind-dabei\/","og_locale":"de_DE","og_type":"article","og_title":"Kindergarten im alten Schulhaus e.V. &#8211; EU-Schulprogramm \u2013 Wir sind dabei!","og_description":"Das EU-Schulprogramm soll die Wertsch\u00e4tzung von Obst, Gem\u00fcse, Milch und Milchprodukten bei Kindern steigern und die Entwicklung eines gesundheitsf\u00f6rderlichen Ern\u00e4hrungsverhaltens unterst\u00fctzen.","og_url":"https:\/\/kiga-im-alten-schulhaus.de\/kias2\/2017\/11\/03\/eu-schulprogramm-wir-sind-dabei\/","og_site_name":"Kindergarten im alten Schulhaus e.V.","article_published_time":"2017-11-03T12:28:39+00:00","article_modified_time":"2018-07-02T16:45:41+00:00","og_image":[{"width":500,"height":300,"url":"https:\/\/kiga-im-alten-schulhaus.de\/kias2\/wp-content\/uploads\/2017\/11\/Obst-Fruechte.jpg","type":"image\/jpeg"}],"author":"IT Amt","twitter_card":"summary_large_image","twitter_misc":{"Verfasst von":"IT Amt","Gesch\u00e4tzte Lesezeit":"1\u00a0Minute"},"schema":{"@context":"https:\/\/schema.org","@graph":[{"@type":"Article","@id":"https:\/\/kiga-im-alten-schulhaus.de\/kias2\/2017\/11\/03\/eu-schulprogramm-wir-sind-dabei\/#article","isPartOf":{"@id":"https:\/\/kiga-im-alten-schulhaus.de\/kias2\/2017\/11\/03\/eu-schulprogramm-wir-sind-dabei\/"},"author":{"name":"IT Amt","@id":"https:\/\/kiga-im-alten-schulhaus.de\/kias2\/#\/schema\/person\/d26c8530df301e82287b24b5ebf30c77"},"headline":"EU-Schulprogramm \u2013 Wir sind dabei!","datePublished":"2017-11-03T12:28:39+00:00","dateModified":"2018-07-02T16:45:41+00:00","mainEntityOfPage":{"@id":"https:\/\/kiga-im-alten-schulhaus.de\/kias2\/2017\/11\/03\/eu-schulprogramm-wir-sind-dabei\/"},"wordCount":117,"commentCount":0,"publisher":{"@id":"https:\/\/kiga-im-alten-schulhaus.de\/kias2\/#organization"},"image":{"@id":"https:\/\/kiga-im-alten-schulhaus.de\/kias2\/2017\/11\/03\/eu-schulprogramm-wir-sind-dabei\/#primaryimage"},"thumbnailUrl":"https:\/\/kiga-im-alten-schulhaus.de\/kias2\/wp-content\/uploads\/2017\/11\/Obst-Fruechte.jpg","articleSection":["Uncategorized"],"inLanguage":"de","potentialAction":[{"@type":"CommentAction","name":"Comment","target":["https:\/\/kiga-im-alten-schulhaus.de\/kias2\/2017\/11\/03\/eu-schulprogramm-wir-sind-dabei\/#respond"]}]},{"@type":"WebPage","@id":"https:\/\/kiga-im-alten-schulhaus.de\/kias2\/2017\/11\/03\/eu-schulprogramm-wir-sind-dabei\/","url":"https:\/\/kiga-im-alten-schulhaus.de\/kias2\/2017\/11\/03\/eu-schulprogramm-wir-sind-dabei\/","name":"Kindergarten im alten Schulhaus e.V. &#8211; EU-Schulprogramm \u2013 Wir sind dabei!","isPartOf":{"@id":"https:\/\/kiga-im-alten-schulhaus.de\/kias2\/#website"},"primaryImageOfPage":{"@id":"https:\/\/kiga-im-alten-schulhaus.de\/kias2\/2017\/11\/03\/eu-schulprogramm-wir-sind-dabei\/#primaryimage"},"image":{"@id":"https:\/\/kiga-im-alten-schulhaus.de\/kias2\/2017\/11\/03\/eu-schulprogramm-wir-sind-dabei\/#primaryimage"},"thumbnailUrl":"https:\/\/kiga-im-alten-schulhaus.de\/kias2\/wp-content\/uploads\/2017\/11\/Obst-Fruechte.jpg","datePublished":"2017-11-03T12:28:39+00:00","dateModified":"2018-07-02T16:45:41+00:00","breadcrumb":{"@id":"https:\/\/kiga-im-alten-schulhaus.de\/kias2\/2017\/11\/03\/eu-schulprogramm-wir-sind-dabei\/#breadcrumb"},"inLanguage":"de","potentialAction":[{"@type":"ReadAction","target":["https:\/\/kiga-im-alten-schulhaus.de\/kias2\/2017\/11\/03\/eu-schulprogramm-wir-sind-dabei\/"]}]},{"@type":"ImageObject","inLanguage":"de","@id":"https:\/\/kiga-im-alten-schulhaus.de\/kias2\/2017\/11\/03\/eu-schulprogramm-wir-sind-dabei\/#primaryimage","url":"https:\/\/kiga-im-alten-schulhaus.de\/kias2\/wp-content\/uploads\/2017\/11\/Obst-Fruechte.jpg","contentUrl":"https:\/\/kiga-im-alten-schulhaus.de\/kias2\/wp-content\/uploads\/2017\/11\/Obst-Fruechte.jpg","width":500,"height":300},{"@type":"BreadcrumbList","@id":"https:\/\/kiga-im-alten-schulhaus.de\/kias2\/2017\/11\/03\/eu-schulprogramm-wir-sind-dabei\/#breadcrumb","itemListElement":[{"@type":"ListItem","position":1,"name":"Home","item":"https:\/\/kiga-im-alten-schulhaus.de\/kias2\/"},{"@type":"ListItem","position":2,"name":"EU-Schulprogramm \u2013 Wir sind dabei!"}]},{"@type":"WebSite","@id":"https:\/\/kiga-im-alten-schulhaus.de\/kias2\/#website","url":"https:\/\/kiga-im-alten-schulhaus.de\/kias2\/","name":"Kindergarten im alten Schulhaus e.V.","description":"","publisher":{"@id":"https:\/\/kiga-im-alten-schulhaus.de\/kias2\/#organization"},"potentialAction":[{"@type":"SearchAction","target":{"@type":"EntryPoint","urlTemplate":"https:\/\/kiga-im-alten-schulhaus.de\/kias2\/?s={search_term_string}"},"query-input":{"@type":"PropertyValueSpecification","valueRequired":true,"valueName":"search_term_string"}}],"inLanguage":"de"},{"@type":"Organization","@id":"https:\/\/kiga-im-alten-schulhaus.de\/kias2\/#organization","name":"Kindergarten im Alten Schulhaus e.V.","url":"https:\/\/kiga-im-alten-schulhaus.de\/kias2\/","logo":{"@type":"ImageObject","inLanguage":"de","@id":"https:\/\/kiga-im-alten-schulhaus.de\/kias2\/#\/schema\/logo\/image\/","url":"http:\/\/kiga-im-alten-schulhaus.de\/kias2\/wp-content\/uploads\/2017\/03\/cropped-haus-1.jpg","contentUrl":"http:\/\/kiga-im-alten-schulhaus.de\/kias2\/wp-content\/uploads\/2017\/03\/cropped-haus-1.jpg","width":512,"height":512,"caption":"Kindergarten im Alten Schulhaus e.V."},"image":{"@id":"https:\/\/kiga-im-alten-schulhaus.de\/kias2\/#\/schema\/logo\/image\/"}},{"@type":"Person","@id":"https:\/\/kiga-im-alten-schulhaus.de\/kias2\/#\/schema\/person\/d26c8530df301e82287b24b5ebf30c77","name":"IT Amt","sameAs":["http:\/\/kiga-im-alten-schulhaus.de\/"],"url":"https:\/\/kiga-im-alten-schulhaus.de\/kias2\/author\/it-amt\/"}]}},"_links":{"self":[{"href":"https:\/\/kiga-im-alten-schulhaus.de\/kias2\/wp-json\/wp\/v2\/posts\/1039","targetHints":{"allow":["GET"]}}],"collection":[{"href":"https:\/\/kiga-im-alten-schulhaus.de\/kias2\/wp-json\/wp\/v2\/posts"}],"about":[{"href":"https:\/\/kiga-im-alten-schulhaus.de\/kias2\/wp-json\/wp\/v2\/types\/post"}],"author":[{"embeddable":true,"href":"https:\/\/kiga-im-alten-schulhaus.de\/kias2\/wp-json\/wp\/v2\/users\/11"}],"replies":[{"embeddable":true,"href":"https:\/\/kiga-im-alten-schulhaus.de\/kias2\/wp-json\/wp\/v2\/comments?post=1039"}],"version-history":[{"count":9,"href":"https:\/\/kiga-im-alten-schulhaus.de\/kias2\/wp-json\/wp\/v2\/posts\/1039\/revisions"}],"predecessor-version":[{"id":1051,"href":"https:\/\/kiga-im-alten-schulhaus.de\/kias2\/wp-json\/wp\/v2\/posts\/1039\/revisions\/1051"}],"wp:featuredmedia":[{"embeddable":true,"href":"https:\/\/kiga-im-alten-schulhaus.de\/kias2\/wp-json\/wp\/v2\/media\/1048"}],"wp:attachment":[{"href":"https:\/\/kiga-im-alten-schulhaus.de\/kias2\/wp-json\/wp\/v2\/media?parent=1039"}],"wp:term":[{"taxonomy":"category","embeddable":true,"href":"https:\/\/kiga-im-alten-schulhaus.de\/kias2\/wp-json\/wp\/v2\/categories?post=1039"},{"taxonomy":"post_tag","embeddable":true,"href":"https:\/\/kiga-im-alten-schulhaus.de\/kias2\/wp-json\/wp\/v2\/tags?post=1039"}],"curies":[{"name":"wp","href":"https:\/\/api.w.org\/{rel}","templated":true}]}}