{"id":1290,"date":"2022-09-01T13:00:00","date_gmt":"2022-09-01T12:00:00","guid":{"rendered":"http:\/\/kiga-im-alten-schulhaus.de\/kias2\/?p=1290"},"modified":"2023-04-24T21:36:53","modified_gmt":"2023-04-24T20:36:53","slug":"stellenangebote","status":"publish","type":"post","link":"https:\/\/kiga-im-alten-schulhaus.de\/kias2\/2022\/09\/01\/stellenangebote\/","title":{"rendered":"Lieblingserzieher*in gesucht!"},"content":{"rendered":"\r\n<h3><span style=\"color: #3366ff;\">Werde Teil unseres Teams!<\/span><\/h3>\r\n<p><!--more--><\/p>\r\n<p>Zur Verst\u00e4rkung unseres Teams suchen wir ab sofort eine*n<strong> Erzieher*in (w\/m\/d) in Teilzeit oder Vollzeit<\/strong><\/p>\r\n<p><strong>Wer sind wir und wof\u00fcr stehen wir:<\/strong><\/p>\r\n<div class=\"t pg-1m0 pg-1x1 pg-1h2 pg-1y7 pg-1ff2 pg-1fs0 pg-1fc1 pg-1sc0 pg-1ls1 pg-1ws0\">Der Kindergarten im alten Schulhaus e.V. ist die \u00e4lteste Elterninitiative in M\u00fcnchen. Seit \u00fcber 40 Jahren wird unser Haus in Oberf\u00f6hring von engagierten Eltern und gl\u00fccklichen Kindern besucht und geliebt.<\/div>\r\n<div class=\"t pg-1m0 pg-1x1 pg-1h2 pg-1y7 pg-1ff2 pg-1fs0 pg-1fc1 pg-1sc0 pg-1ls1 pg-1ws0\">\u00a0<\/div>\r\n<h3><span style=\"color: #3366ff;\">Was wir machen:<\/span><\/h3>\r\n<div class=\"t pg-1m0 pg-1x1 pg-1h2 pg-1y7 pg-1ff2 pg-1fs0 pg-1fc1 pg-1sc0 pg-1ls1 pg-1ws0\"><strong>Lachen, tanzen, staunen \u2013 Wir erfinden uns jeden Tag neu!<\/strong><\/div>\r\n<div class=\"t pg-1m0 pg-1x1 pg-1h2 pg-1y7 pg-1ff2 pg-1fs0 pg-1fc1 pg-1sc0 pg-1ls1 pg-1ws0\"><br \/>In unserem kleinen, famili\u00e4ren Kindergarten spielen, toben, singen, lachen, malen, tanzen, lesen, matschen, planschen, experimentieren, meditieren, lernen, konferieren, schreien, streiten, kuscheln und feiern 36 Kinder im Alter von 2,5 bis 6 Jahren.<\/div>\r\n<div class=\"t pg-1m0 pg-1x1 pg-1h2 pg-1y7 pg-1ff2 pg-1fs0 pg-1fc1 pg-1sc0 pg-1ls1 pg-1ws0\"><br \/>Bei uns steht jedes Kind mit seiner ganz besonderen Pers\u00f6nlichkeit im Mittelpunkt. Mit frei w\u00e4hlbaren Funktionsr\u00e4umen und individuell gestaltbaren Tagesabl\u00e4ufen erm\u00f6glichen wir den Kindern gr\u00f6\u00dftm\u00f6gliche Selbstbestimmung und Selbstverwirklichung. Im Freispiel und in kleinen Projekten \u2013 in unserer \u201eVilla Kunterbunt\u201c oder unserem gro\u00dfen Garten direkt an der Isar \u2013 k\u00f6nnen die Kinder ihre eigenen Ideen umsetzen, sich im Miteinander ausprobieren und situationsbasiert lernen. So wird jeder Tag zu etwas Besonderem!<\/div>\r\n<div class=\"t pg-1m0 pg-1x1 pg-1h2 pg-1y7 pg-1ff2 pg-1fs0 pg-1fc1 pg-1sc0 pg-1ls1 pg-1ws0\"><br \/>Unsere p\u00e4dagogischen Eckpfeiler: Bed\u00fcrfnisorientierung, Beziehungsarbeit, Freispiel, Partizipation und Resilienz.<\/div>\r\n<div>\u00a0<\/div>\r\n<h3 class=\"t pg-1m0 pg-1x1 pg-1h2 pg-1y7 pg-1ff2 pg-1fs0 pg-1fc1 pg-1sc0 pg-1ls1 pg-1ws0\"><span style=\"color: #3366ff;\">Was wir suchen:<\/span><\/h3>\r\n<p><strong>Lieblingserzieher*in \u2013 Mache unseren Kindergarten zu einem wundervollen Ort!<\/strong><\/p>\r\n<p>Erzieher*in in Teilzeit oder Vollzeit (zwischen 33 und 40 Stunden\/Woche) mit<\/p>\r\n<ul>\r\n<li>abgeschlossene Ausbildung zum Erzieher\/-in<\/li>\r\n<li>Spa\u00df an engem Austausch und Engagement<\/li>\r\n<li>Freude an der situationsorientierten Arbeit mit Kindern<\/li>\r\n<li>Lust, sich pers\u00f6nlich einzubringen<\/li>\r\n<\/ul>\r\n<h3 class=\"t pg-1m0 pg-1x1 pg-1h2 pg-1y7 pg-1ff2 pg-1fs0 pg-1fc1 pg-1sc0 pg-1ls1 pg-1ws0\"><span style=\"color: #3366ff;\">Was wir suchen:<\/span><\/h3>\r\n<p><strong>Wohlf\u00fchlteam \u2013 Bringe dich ein und wachse in unserem Team!<\/strong><\/p>\r\n<div class=\"t pg-1m0 pg-1x3 pg-1h2 pg-1y13 pg-1ff2 pg-1fs0 pg-1fc1 pg-1sc0 pg-1ls1 pg-1ws0\">\r\n<ul>\r\n<li>Wertsch\u00e4tzendes, offenes und famili\u00e4res Arbeitsklima mit Raum f\u00fcr Individualit\u00e4t<\/li>\r\n<li>Entspannte Arbeitsatmosph\u00e4re dank gro\u00dfz\u00fcgigem Personalschl\u00fcssel, Hauswirtschafterin und Elternnotdiensten<\/li>\r\n<li>Enge und vertrauensvolle Zusammenarbeit mit Tr\u00e4ger\/Elternschaft<\/li>\r\n<li>M\u00f6glichkeit der beruflichen Weiterentwicklung<\/li>\r\n<li>Urlaub auch au\u00dferhalb der Schlie\u00dfzeiten<\/li>\r\n<li>Verg\u00fctung nach TV\u00f6D<\/li>\r\n<li>Gro\u00dfer und viel genutzter Garten mit Lage direkt am Englischen Garten<\/li>\r\n<\/ul>\r\n<\/div>\r\n<p>Wenn auch Du Lust hast unsere Kinder zum Lachen zu bringen und in unserem Team mitzuwirken, dann freuen wir uns auf Deine Bewerbung.<\/p>\r\n<p>Deine Ansprechpartnerin ist <strong>Vanessa Wenig<\/strong>.<br \/>Telefon: +49 177 86 678 87, E-Mail: <strong><span style=\"color: #3366ff;\">&#x70;&#101;r&#x73;&#111;n&#x61;&#108;&#64;&#x6b;&#x69;&#103;&#x61;&#x2d;&#105;m&#x2d;&#97;l&#x74;&#101;n&#x2d;&#x73;&#99;&#x68;&#x75;&#108;h&#x61;&#117;s&#x2e;&#100;e<\/span><\/strong><br \/>Homepage: <strong><span style=\"color: #3366ff;\">www.kiga-im-alten-schulhaus.de<\/span><\/strong><\/p>\r\n","protected":false},"excerpt":{"rendered":"<p>Werde Teil unseres Teams!<\/p>\n","protected":false},"author":11,"featured_media":1598,"comment_status":"open","ping_status":"open","sticky":false,"template":"","format":"standard","meta":{"footnotes":""},"categories":[10],"tags":[],"class_list":["post-1290","post","type-post","status-publish","format-standard","has-post-thumbnail","hentry","category-aktuelles"],"yoast_head":"<!-- This site is optimized with the Yoast SEO plugin v27.4 - https:\/\/yoast.com\/product\/yoast-seo-wordpress\/ -->\n<title>Kindergarten im alten Schulhaus e.V. &#8211; Lieblingserzieher*in gesucht!<\/title>\n<meta name=\"description\" content=\"Zur Verst\u00e4rkung des Teams in unserem Oberf\u00f6hringer Kindergarten suchen wir ab sofort eine*n Erzieher*in (w\/m\/d) in Teilzeit oder Vollzeit.\" \/>\n<meta name=\"robots\" content=\"index, follow, max-snippet:-1, max-image-preview:large, max-video-preview:-1\" \/>\n<link rel=\"canonical\" href=\"https:\/\/kiga-im-alten-schulhaus.de\/kias2\/2022\/09\/01\/stellenangebote\/\" \/>\n<meta property=\"og:locale\" content=\"de_DE\" \/>\n<meta property=\"og:type\" content=\"article\" \/>\n<meta property=\"og:title\" content=\"Kindergarten im alten Schulhaus e.V. &#8211; Lieblingserzieher*in gesucht!\" \/>\n<meta property=\"og:description\" content=\"Zur Verst\u00e4rkung des Teams in unserem Oberf\u00f6hringer Kindergarten suchen wir ab sofort eine*n Erzieher*in (w\/m\/d) in Teilzeit oder Vollzeit.\" \/>\n<meta property=\"og:url\" content=\"https:\/\/kiga-im-alten-schulhaus.de\/kias2\/2022\/09\/01\/stellenangebote\/\" \/>\n<meta property=\"og:site_name\" content=\"Kindergarten im alten Schulhaus e.V.\" \/>\n<meta property=\"article:published_time\" content=\"2022-09-01T12:00:00+00:00\" \/>\n<meta property=\"article:modified_time\" content=\"2023-04-24T20:36:53+00:00\" \/>\n<meta property=\"og:image\" content=\"https:\/\/kiga-im-alten-schulhaus.de\/kias2\/wp-content\/uploads\/2021\/06\/Stellenangebot_2_2-e1647082159894.jpg\" \/>\n\t<meta property=\"og:image:width\" content=\"726\" \/>\n\t<meta property=\"og:image:height\" content=\"456\" \/>\n\t<meta property=\"og:image:type\" content=\"image\/jpeg\" \/>\n<meta name=\"author\" content=\"IT Amt\" \/>\n<meta name=\"twitter:card\" content=\"summary_large_image\" \/>\n<meta name=\"twitter:label1\" content=\"Verfasst von\" \/>\n\t<meta name=\"twitter:data1\" content=\"IT Amt\" \/>\n\t<meta name=\"twitter:label2\" content=\"Gesch\u00e4tzte Lesezeit\" \/>\n\t<meta name=\"twitter:data2\" content=\"2\u00a0Minuten\" \/>\n<script type=\"application\/ld+json\" class=\"yoast-schema-graph\">{\"@context\":\"https:\\\/\\\/schema.org\",\"@graph\":[{\"@type\":\"Article\",\"@id\":\"https:\\\/\\\/kiga-im-alten-schulhaus.de\\\/kias2\\\/2022\\\/09\\\/01\\\/stellenangebote\\\/#article\",\"isPartOf\":{\"@id\":\"https:\\\/\\\/kiga-im-alten-schulhaus.de\\\/kias2\\\/2022\\\/09\\\/01\\\/stellenangebote\\\/\"},\"author\":{\"name\":\"IT Amt\",\"@id\":\"https:\\\/\\\/kiga-im-alten-schulhaus.de\\\/kias2\\\/#\\\/schema\\\/person\\\/d26c8530df301e82287b24b5ebf30c77\"},\"headline\":\"Lieblingserzieher*in gesucht!\",\"datePublished\":\"2022-09-01T12:00:00+00:00\",\"dateModified\":\"2023-04-24T20:36:53+00:00\",\"mainEntityOfPage\":{\"@id\":\"https:\\\/\\\/kiga-im-alten-schulhaus.de\\\/kias2\\\/2022\\\/09\\\/01\\\/stellenangebote\\\/\"},\"wordCount\":355,\"commentCount\":0,\"publisher\":{\"@id\":\"https:\\\/\\\/kiga-im-alten-schulhaus.de\\\/kias2\\\/#organization\"},\"image\":{\"@id\":\"https:\\\/\\\/kiga-im-alten-schulhaus.de\\\/kias2\\\/2022\\\/09\\\/01\\\/stellenangebote\\\/#primaryimage\"},\"thumbnailUrl\":\"https:\\\/\\\/kiga-im-alten-schulhaus.de\\\/kias2\\\/wp-content\\\/uploads\\\/2021\\\/06\\\/Stellenangebot_2_2-e1647082159894.jpg\",\"articleSection\":[\"Aktuelles\"],\"inLanguage\":\"de\",\"potentialAction\":[{\"@type\":\"CommentAction\",\"name\":\"Comment\",\"target\":[\"https:\\\/\\\/kiga-im-alten-schulhaus.de\\\/kias2\\\/2022\\\/09\\\/01\\\/stellenangebote\\\/#respond\"]}]},{\"@type\":\"WebPage\",\"@id\":\"https:\\\/\\\/kiga-im-alten-schulhaus.de\\\/kias2\\\/2022\\\/09\\\/01\\\/stellenangebote\\\/\",\"url\":\"https:\\\/\\\/kiga-im-alten-schulhaus.de\\\/kias2\\\/2022\\\/09\\\/01\\\/stellenangebote\\\/\",\"name\":\"Kindergarten im alten Schulhaus e.V. &#8211; Lieblingserzieher*in gesucht!\",\"isPartOf\":{\"@id\":\"https:\\\/\\\/kiga-im-alten-schulhaus.de\\\/kias2\\\/#website\"},\"primaryImageOfPage\":{\"@id\":\"https:\\\/\\\/kiga-im-alten-schulhaus.de\\\/kias2\\\/2022\\\/09\\\/01\\\/stellenangebote\\\/#primaryimage\"},\"image\":{\"@id\":\"https:\\\/\\\/kiga-im-alten-schulhaus.de\\\/kias2\\\/2022\\\/09\\\/01\\\/stellenangebote\\\/#primaryimage\"},\"thumbnailUrl\":\"https:\\\/\\\/kiga-im-alten-schulhaus.de\\\/kias2\\\/wp-content\\\/uploads\\\/2021\\\/06\\\/Stellenangebot_2_2-e1647082159894.jpg\",\"datePublished\":\"2022-09-01T12:00:00+00:00\",\"dateModified\":\"2023-04-24T20:36:53+00:00\",\"description\":\"Zur Verst\u00e4rkung des Teams in unserem Oberf\u00f6hringer Kindergarten suchen wir ab sofort eine*n Erzieher*in (w\\\/m\\\/d) in Teilzeit oder Vollzeit.\",\"breadcrumb\":{\"@id\":\"https:\\\/\\\/kiga-im-alten-schulhaus.de\\\/kias2\\\/2022\\\/09\\\/01\\\/stellenangebote\\\/#breadcrumb\"},\"inLanguage\":\"de\",\"potentialAction\":[{\"@type\":\"ReadAction\",\"target\":[\"https:\\\/\\\/kiga-im-alten-schulhaus.de\\\/kias2\\\/2022\\\/09\\\/01\\\/stellenangebote\\\/\"]}]},{\"@type\":\"ImageObject\",\"inLanguage\":\"de\",\"@id\":\"https:\\\/\\\/kiga-im-alten-schulhaus.de\\\/kias2\\\/2022\\\/09\\\/01\\\/stellenangebote\\\/#primaryimage\",\"url\":\"https:\\\/\\\/kiga-im-alten-schulhaus.de\\\/kias2\\\/wp-content\\\/uploads\\\/2021\\\/06\\\/Stellenangebot_2_2-e1647082159894.jpg\",\"contentUrl\":\"https:\\\/\\\/kiga-im-alten-schulhaus.de\\\/kias2\\\/wp-content\\\/uploads\\\/2021\\\/06\\\/Stellenangebot_2_2-e1647082159894.jpg\",\"width\":726,\"height\":456},{\"@type\":\"BreadcrumbList\",\"@id\":\"https:\\\/\\\/kiga-im-alten-schulhaus.de\\\/kias2\\\/2022\\\/09\\\/01\\\/stellenangebote\\\/#breadcrumb\",\"itemListElement\":[{\"@type\":\"ListItem\",\"position\":1,\"name\":\"Home\",\"item\":\"https:\\\/\\\/kiga-im-alten-schulhaus.de\\\/kias2\\\/\"},{\"@type\":\"ListItem\",\"position\":2,\"name\":\"Lieblingserzieher*in gesucht!\"}]},{\"@type\":\"WebSite\",\"@id\":\"https:\\\/\\\/kiga-im-alten-schulhaus.de\\\/kias2\\\/#website\",\"url\":\"https:\\\/\\\/kiga-im-alten-schulhaus.de\\\/kias2\\\/\",\"name\":\"Kindergarten im alten Schulhaus e.V.\",\"description\":\"\",\"publisher\":{\"@id\":\"https:\\\/\\\/kiga-im-alten-schulhaus.de\\\/kias2\\\/#organization\"},\"potentialAction\":[{\"@type\":\"SearchAction\",\"target\":{\"@type\":\"EntryPoint\",\"urlTemplate\":\"https:\\\/\\\/kiga-im-alten-schulhaus.de\\\/kias2\\\/?s={search_term_string}\"},\"query-input\":{\"@type\":\"PropertyValueSpecification\",\"valueRequired\":true,\"valueName\":\"search_term_string\"}}],\"inLanguage\":\"de\"},{\"@type\":\"Organization\",\"@id\":\"https:\\\/\\\/kiga-im-alten-schulhaus.de\\\/kias2\\\/#organization\",\"name\":\"Kindergarten im Alten Schulhaus e.V.\",\"url\":\"https:\\\/\\\/kiga-im-alten-schulhaus.de\\\/kias2\\\/\",\"logo\":{\"@type\":\"ImageObject\",\"inLanguage\":\"de\",\"@id\":\"https:\\\/\\\/kiga-im-alten-schulhaus.de\\\/kias2\\\/#\\\/schema\\\/logo\\\/image\\\/\",\"url\":\"http:\\\/\\\/kiga-im-alten-schulhaus.de\\\/kias2\\\/wp-content\\\/uploads\\\/2017\\\/03\\\/cropped-haus-1.jpg\",\"contentUrl\":\"http:\\\/\\\/kiga-im-alten-schulhaus.de\\\/kias2\\\/wp-content\\\/uploads\\\/2017\\\/03\\\/cropped-haus-1.jpg\",\"width\":512,\"height\":512,\"caption\":\"Kindergarten im Alten Schulhaus e.V.\"},\"image\":{\"@id\":\"https:\\\/\\\/kiga-im-alten-schulhaus.de\\\/kias2\\\/#\\\/schema\\\/logo\\\/image\\\/\"}},{\"@type\":\"Person\",\"@id\":\"https:\\\/\\\/kiga-im-alten-schulhaus.de\\\/kias2\\\/#\\\/schema\\\/person\\\/d26c8530df301e82287b24b5ebf30c77\",\"name\":\"IT Amt\",\"sameAs\":[\"http:\\\/\\\/kiga-im-alten-schulhaus.de\\\/\"],\"url\":\"https:\\\/\\\/kiga-im-alten-schulhaus.de\\\/kias2\\\/author\\\/it-amt\\\/\"}]}<\/script>\n<!-- \/ Yoast SEO plugin. -->","yoast_head_json":{"title":"Kindergarten im alten Schulhaus e.V. &#8211; Lieblingserzieher*in gesucht!","description":"Zur Verst\u00e4rkung des Teams in unserem Oberf\u00f6hringer Kindergarten suchen wir ab sofort eine*n Erzieher*in (w\/m\/d) in Teilzeit oder Vollzeit.","robots":{"index":"index","follow":"follow","max-snippet":"max-snippet:-1","max-image-preview":"max-image-preview:large","max-video-preview":"max-video-preview:-1"},"canonical":"https:\/\/kiga-im-alten-schulhaus.de\/kias2\/2022\/09\/01\/stellenangebote\/","og_locale":"de_DE","og_type":"article","og_title":"Kindergarten im alten Schulhaus e.V. &#8211; Lieblingserzieher*in gesucht!","og_description":"Zur Verst\u00e4rkung des Teams in unserem Oberf\u00f6hringer Kindergarten suchen wir ab sofort eine*n Erzieher*in (w\/m\/d) in Teilzeit oder Vollzeit.","og_url":"https:\/\/kiga-im-alten-schulhaus.de\/kias2\/2022\/09\/01\/stellenangebote\/","og_site_name":"Kindergarten im alten Schulhaus e.V.","article_published_time":"2022-09-01T12:00:00+00:00","article_modified_time":"2023-04-24T20:36:53+00:00","og_image":[{"width":726,"height":456,"url":"https:\/\/kiga-im-alten-schulhaus.de\/kias2\/wp-content\/uploads\/2021\/06\/Stellenangebot_2_2-e1647082159894.jpg","type":"image\/jpeg"}],"author":"IT Amt","twitter_card":"summary_large_image","twitter_misc":{"Verfasst von":"IT Amt","Gesch\u00e4tzte Lesezeit":"2\u00a0Minuten"},"schema":{"@context":"https:\/\/schema.org","@graph":[{"@type":"Article","@id":"https:\/\/kiga-im-alten-schulhaus.de\/kias2\/2022\/09\/01\/stellenangebote\/#article","isPartOf":{"@id":"https:\/\/kiga-im-alten-schulhaus.de\/kias2\/2022\/09\/01\/stellenangebote\/"},"author":{"name":"IT Amt","@id":"https:\/\/kiga-im-alten-schulhaus.de\/kias2\/#\/schema\/person\/d26c8530df301e82287b24b5ebf30c77"},"headline":"Lieblingserzieher*in gesucht!","datePublished":"2022-09-01T12:00:00+00:00","dateModified":"2023-04-24T20:36:53+00:00","mainEntityOfPage":{"@id":"https:\/\/kiga-im-alten-schulhaus.de\/kias2\/2022\/09\/01\/stellenangebote\/"},"wordCount":355,"commentCount":0,"publisher":{"@id":"https:\/\/kiga-im-alten-schulhaus.de\/kias2\/#organization"},"image":{"@id":"https:\/\/kiga-im-alten-schulhaus.de\/kias2\/2022\/09\/01\/stellenangebote\/#primaryimage"},"thumbnailUrl":"https:\/\/kiga-im-alten-schulhaus.de\/kias2\/wp-content\/uploads\/2021\/06\/Stellenangebot_2_2-e1647082159894.jpg","articleSection":["Aktuelles"],"inLanguage":"de","potentialAction":[{"@type":"CommentAction","name":"Comment","target":["https:\/\/kiga-im-alten-schulhaus.de\/kias2\/2022\/09\/01\/stellenangebote\/#respond"]}]},{"@type":"WebPage","@id":"https:\/\/kiga-im-alten-schulhaus.de\/kias2\/2022\/09\/01\/stellenangebote\/","url":"https:\/\/kiga-im-alten-schulhaus.de\/kias2\/2022\/09\/01\/stellenangebote\/","name":"Kindergarten im alten Schulhaus e.V. &#8211; Lieblingserzieher*in gesucht!","isPartOf":{"@id":"https:\/\/kiga-im-alten-schulhaus.de\/kias2\/#website"},"primaryImageOfPage":{"@id":"https:\/\/kiga-im-alten-schulhaus.de\/kias2\/2022\/09\/01\/stellenangebote\/#primaryimage"},"image":{"@id":"https:\/\/kiga-im-alten-schulhaus.de\/kias2\/2022\/09\/01\/stellenangebote\/#primaryimage"},"thumbnailUrl":"https:\/\/kiga-im-alten-schulhaus.de\/kias2\/wp-content\/uploads\/2021\/06\/Stellenangebot_2_2-e1647082159894.jpg","datePublished":"2022-09-01T12:00:00+00:00","dateModified":"2023-04-24T20:36:53+00:00","description":"Zur Verst\u00e4rkung des Teams in unserem Oberf\u00f6hringer Kindergarten suchen wir ab sofort eine*n Erzieher*in (w\/m\/d) in Teilzeit oder Vollzeit.","breadcrumb":{"@id":"https:\/\/kiga-im-alten-schulhaus.de\/kias2\/2022\/09\/01\/stellenangebote\/#breadcrumb"},"inLanguage":"de","potentialAction":[{"@type":"ReadAction","target":["https:\/\/kiga-im-alten-schulhaus.de\/kias2\/2022\/09\/01\/stellenangebote\/"]}]},{"@type":"ImageObject","inLanguage":"de","@id":"https:\/\/kiga-im-alten-schulhaus.de\/kias2\/2022\/09\/01\/stellenangebote\/#primaryimage","url":"https:\/\/kiga-im-alten-schulhaus.de\/kias2\/wp-content\/uploads\/2021\/06\/Stellenangebot_2_2-e1647082159894.jpg","contentUrl":"https:\/\/kiga-im-alten-schulhaus.de\/kias2\/wp-content\/uploads\/2021\/06\/Stellenangebot_2_2-e1647082159894.jpg","width":726,"height":456},{"@type":"BreadcrumbList","@id":"https:\/\/kiga-im-alten-schulhaus.de\/kias2\/2022\/09\/01\/stellenangebote\/#breadcrumb","itemListElement":[{"@type":"ListItem","position":1,"name":"Home","item":"https:\/\/kiga-im-alten-schulhaus.de\/kias2\/"},{"@type":"ListItem","position":2,"name":"Lieblingserzieher*in gesucht!"}]},{"@type":"WebSite","@id":"https:\/\/kiga-im-alten-schulhaus.de\/kias2\/#website","url":"https:\/\/kiga-im-alten-schulhaus.de\/kias2\/","name":"Kindergarten im alten Schulhaus e.V.","description":"","publisher":{"@id":"https:\/\/kiga-im-alten-schulhaus.de\/kias2\/#organization"},"potentialAction":[{"@type":"SearchAction","target":{"@type":"EntryPoint","urlTemplate":"https:\/\/kiga-im-alten-schulhaus.de\/kias2\/?s={search_term_string}"},"query-input":{"@type":"PropertyValueSpecification","valueRequired":true,"valueName":"search_term_string"}}],"inLanguage":"de"},{"@type":"Organization","@id":"https:\/\/kiga-im-alten-schulhaus.de\/kias2\/#organization","name":"Kindergarten im Alten Schulhaus e.V.","url":"https:\/\/kiga-im-alten-schulhaus.de\/kias2\/","logo":{"@type":"ImageObject","inLanguage":"de","@id":"https:\/\/kiga-im-alten-schulhaus.de\/kias2\/#\/schema\/logo\/image\/","url":"http:\/\/kiga-im-alten-schulhaus.de\/kias2\/wp-content\/uploads\/2017\/03\/cropped-haus-1.jpg","contentUrl":"http:\/\/kiga-im-alten-schulhaus.de\/kias2\/wp-content\/uploads\/2017\/03\/cropped-haus-1.jpg","width":512,"height":512,"caption":"Kindergarten im Alten Schulhaus e.V."},"image":{"@id":"https:\/\/kiga-im-alten-schulhaus.de\/kias2\/#\/schema\/logo\/image\/"}},{"@type":"Person","@id":"https:\/\/kiga-im-alten-schulhaus.de\/kias2\/#\/schema\/person\/d26c8530df301e82287b24b5ebf30c77","name":"IT Amt","sameAs":["http:\/\/kiga-im-alten-schulhaus.de\/"],"url":"https:\/\/kiga-im-alten-schulhaus.de\/kias2\/author\/it-amt\/"}]}},"_links":{"self":[{"href":"https:\/\/kiga-im-alten-schulhaus.de\/kias2\/wp-json\/wp\/v2\/posts\/1290","targetHints":{"allow":["GET"]}}],"collection":[{"href":"https:\/\/kiga-im-alten-schulhaus.de\/kias2\/wp-json\/wp\/v2\/posts"}],"about":[{"href":"https:\/\/kiga-im-alten-schulhaus.de\/kias2\/wp-json\/wp\/v2\/types\/post"}],"author":[{"embeddable":true,"href":"https:\/\/kiga-im-alten-schulhaus.de\/kias2\/wp-json\/wp\/v2\/users\/11"}],"replies":[{"embeddable":true,"href":"https:\/\/kiga-im-alten-schulhaus.de\/kias2\/wp-json\/wp\/v2\/comments?post=1290"}],"version-history":[{"count":10,"href":"https:\/\/kiga-im-alten-schulhaus.de\/kias2\/wp-json\/wp\/v2\/posts\/1290\/revisions"}],"predecessor-version":[{"id":1597,"href":"https:\/\/kiga-im-alten-schulhaus.de\/kias2\/wp-json\/wp\/v2\/posts\/1290\/revisions\/1597"}],"wp:featuredmedia":[{"embeddable":true,"href":"https:\/\/kiga-im-alten-schulhaus.de\/kias2\/wp-json\/wp\/v2\/media\/1598"}],"wp:attachment":[{"href":"https:\/\/kiga-im-alten-schulhaus.de\/kias2\/wp-json\/wp\/v2\/media?parent=1290"}],"wp:term":[{"taxonomy":"category","embeddable":true,"href":"https:\/\/kiga-im-alten-schulhaus.de\/kias2\/wp-json\/wp\/v2\/categories?post=1290"},{"taxonomy":"post_tag","embeddable":true,"href":"https:\/\/kiga-im-alten-schulhaus.de\/kias2\/wp-json\/wp\/v2\/tags?post=1290"}],"curies":[{"name":"wp","href":"https:\/\/api.w.org\/{rel}","templated":true}]}}