{"id":1755,"date":"2022-10-26T20:10:16","date_gmt":"2022-10-26T19:10:16","guid":{"rendered":"http:\/\/kiga-im-alten-schulhaus.de\/kias2\/?p=1755"},"modified":"2024-01-10T19:31:37","modified_gmt":"2024-01-10T18:31:37","slug":"tag-der-offenen-tuer-2023","status":"publish","type":"post","link":"https:\/\/kiga-im-alten-schulhaus.de\/kias2\/2022\/10\/26\/tag-der-offenen-tuer-2023\/","title":{"rendered":"Tag der offenen T\u00fcr 2024"},"content":{"rendered":"<h3><strong><span style=\"color: #3366ff;\">26. Januar 2024, 15-17 Uhr<\/span><br \/>\n<\/strong><\/h3>\n<p><!--more--><\/p>\n<p>Liebe Eltern,<\/p>\n<p>wir freuen uns \u00fcber euer Interesse an unserem Kindergarten im Alten Schulhaus.<\/p>\n<p><strong>Unser n\u00e4chster Tag der offenen T\u00fcr findet am 26. Januar 2024 von 15 bis 17 Uhr statt.<\/strong><\/p>\n<p>An diesem Nachmittag habt ihr gemeinsam mit euren Kinder die M\u00f6glichkeit unseren Kindergarten, das Team, einige Eltern, Konzept, und R\u00e4umlichkeiten n\u00e4her kennenzulernen und alle Fragen zu stellen, die euch unter den N\u00e4geln brennen.<\/p>\n<p>Wenn Ihr an einem Platz in unserem Haus interessiert seid, schickt uns bitte den ausgef\u00fcllten <a href=\"https:\/\/kiga-im-alten-schulhaus.de\/kias2\/wp-content\/uploads\/2020\/12\/Steckbrief-interessierte-Eltern-2021.docx\">Steckbrief<\/a> per mail an <strong><span style=\"color: #3366ff;\">&#x6c;&#101;&#x69;&#116;u&#x6e;&#103;&#64;&#x6b;&#105;&#x67;&#x61;-&#x69;&#109;-&#x61;&#108;&#x74;&#x65;n&#x2d;&#115;c&#x68;&#117;l&#x68;&#97;&#x75;&#115;&#46;&#x64;&#101;<\/span><\/strong><span style=\"color: #3366ff;\">.<\/span> Wir melden uns dann schnellstm\u00f6glich zur\u00fcck!<\/p>\n<p>Wir freuen uns auf euch!<\/p>\n<p>Euer Team vom Kindergarten im Alten Schulhaus<\/p>\n","protected":false},"excerpt":{"rendered":"<p>26. Januar 2024, 15-17 Uhr<\/p>\n","protected":false},"author":9,"featured_media":1649,"comment_status":"open","ping_status":"open","sticky":false,"template":"","format":"standard","meta":{"footnotes":""},"categories":[1],"tags":[],"class_list":["post-1755","post","type-post","status-publish","format-standard","has-post-thumbnail","hentry","category-uncategorized"],"yoast_head":"<!-- This site is optimized with the Yoast SEO plugin v27.5 - https:\/\/yoast.com\/product\/yoast-seo-wordpress\/ -->\n<title>Kindergarten im alten Schulhaus e.V. &#8211; Tag der offenen T\u00fcr 2024<\/title>\n<meta name=\"robots\" content=\"index, follow, max-snippet:-1, max-image-preview:large, max-video-preview:-1\" \/>\n<link rel=\"canonical\" href=\"https:\/\/kiga-im-alten-schulhaus.de\/kias2\/2022\/10\/26\/tag-der-offenen-tuer-2023\/\" \/>\n<meta property=\"og:locale\" content=\"de_DE\" \/>\n<meta property=\"og:type\" content=\"article\" \/>\n<meta property=\"og:title\" content=\"Kindergarten im alten Schulhaus e.V. &#8211; Tag der offenen T\u00fcr 2024\" \/>\n<meta property=\"og:description\" content=\"26. Januar 2024, 15-17 Uhr\" \/>\n<meta property=\"og:url\" content=\"https:\/\/kiga-im-alten-schulhaus.de\/kias2\/2022\/10\/26\/tag-der-offenen-tuer-2023\/\" \/>\n<meta property=\"og:site_name\" content=\"Kindergarten im alten Schulhaus e.V.\" \/>\n<meta property=\"article:published_time\" content=\"2022-10-26T19:10:16+00:00\" \/>\n<meta property=\"article:modified_time\" content=\"2024-01-10T18:31:37+00:00\" \/>\n<meta property=\"og:image\" content=\"https:\/\/kiga-im-alten-schulhaus.de\/kias2\/wp-content\/uploads\/2022\/09\/KINDERGARTEN_web_ulineumanncosel_87.jpg\" \/>\n\t<meta property=\"og:image:width\" content=\"2048\" \/>\n\t<meta property=\"og:image:height\" content=\"1365\" \/>\n\t<meta property=\"og:image:type\" content=\"image\/jpeg\" \/>\n<meta name=\"author\" content=\"Eva-Katharina Wicha\" \/>\n<meta name=\"twitter:card\" content=\"summary_large_image\" \/>\n<meta name=\"twitter:label1\" content=\"Verfasst von\" \/>\n\t<meta name=\"twitter:data1\" content=\"Eva-Katharina Wicha\" \/>\n\t<meta name=\"twitter:label2\" content=\"Gesch\u00e4tzte Lesezeit\" \/>\n\t<meta name=\"twitter:data2\" content=\"1\u00a0Minute\" \/>\n<script type=\"application\/ld+json\" class=\"yoast-schema-graph\">{\"@context\":\"https:\\\/\\\/schema.org\",\"@graph\":[{\"@type\":\"Article\",\"@id\":\"https:\\\/\\\/kiga-im-alten-schulhaus.de\\\/kias2\\\/2022\\\/10\\\/26\\\/tag-der-offenen-tuer-2023\\\/#article\",\"isPartOf\":{\"@id\":\"https:\\\/\\\/kiga-im-alten-schulhaus.de\\\/kias2\\\/2022\\\/10\\\/26\\\/tag-der-offenen-tuer-2023\\\/\"},\"author\":{\"name\":\"Eva-Katharina Wicha\",\"@id\":\"https:\\\/\\\/kiga-im-alten-schulhaus.de\\\/kias2\\\/#\\\/schema\\\/person\\\/69bfccd62bf1c98323380119345d6af0\"},\"headline\":\"Tag der offenen T\u00fcr 2024\",\"datePublished\":\"2022-10-26T19:10:16+00:00\",\"dateModified\":\"2024-01-10T18:31:37+00:00\",\"mainEntityOfPage\":{\"@id\":\"https:\\\/\\\/kiga-im-alten-schulhaus.de\\\/kias2\\\/2022\\\/10\\\/26\\\/tag-der-offenen-tuer-2023\\\/\"},\"wordCount\":117,\"commentCount\":0,\"publisher\":{\"@id\":\"https:\\\/\\\/kiga-im-alten-schulhaus.de\\\/kias2\\\/#organization\"},\"image\":{\"@id\":\"https:\\\/\\\/kiga-im-alten-schulhaus.de\\\/kias2\\\/2022\\\/10\\\/26\\\/tag-der-offenen-tuer-2023\\\/#primaryimage\"},\"thumbnailUrl\":\"https:\\\/\\\/kiga-im-alten-schulhaus.de\\\/kias2\\\/wp-content\\\/uploads\\\/2022\\\/09\\\/KINDERGARTEN_web_ulineumanncosel_87.jpg\",\"articleSection\":[\"Uncategorized\"],\"inLanguage\":\"de\",\"potentialAction\":[{\"@type\":\"CommentAction\",\"name\":\"Comment\",\"target\":[\"https:\\\/\\\/kiga-im-alten-schulhaus.de\\\/kias2\\\/2022\\\/10\\\/26\\\/tag-der-offenen-tuer-2023\\\/#respond\"]}]},{\"@type\":\"WebPage\",\"@id\":\"https:\\\/\\\/kiga-im-alten-schulhaus.de\\\/kias2\\\/2022\\\/10\\\/26\\\/tag-der-offenen-tuer-2023\\\/\",\"url\":\"https:\\\/\\\/kiga-im-alten-schulhaus.de\\\/kias2\\\/2022\\\/10\\\/26\\\/tag-der-offenen-tuer-2023\\\/\",\"name\":\"Kindergarten im alten Schulhaus e.V. &#8211; Tag der offenen T\u00fcr 2024\",\"isPartOf\":{\"@id\":\"https:\\\/\\\/kiga-im-alten-schulhaus.de\\\/kias2\\\/#website\"},\"primaryImageOfPage\":{\"@id\":\"https:\\\/\\\/kiga-im-alten-schulhaus.de\\\/kias2\\\/2022\\\/10\\\/26\\\/tag-der-offenen-tuer-2023\\\/#primaryimage\"},\"image\":{\"@id\":\"https:\\\/\\\/kiga-im-alten-schulhaus.de\\\/kias2\\\/2022\\\/10\\\/26\\\/tag-der-offenen-tuer-2023\\\/#primaryimage\"},\"thumbnailUrl\":\"https:\\\/\\\/kiga-im-alten-schulhaus.de\\\/kias2\\\/wp-content\\\/uploads\\\/2022\\\/09\\\/KINDERGARTEN_web_ulineumanncosel_87.jpg\",\"datePublished\":\"2022-10-26T19:10:16+00:00\",\"dateModified\":\"2024-01-10T18:31:37+00:00\",\"breadcrumb\":{\"@id\":\"https:\\\/\\\/kiga-im-alten-schulhaus.de\\\/kias2\\\/2022\\\/10\\\/26\\\/tag-der-offenen-tuer-2023\\\/#breadcrumb\"},\"inLanguage\":\"de\",\"potentialAction\":[{\"@type\":\"ReadAction\",\"target\":[\"https:\\\/\\\/kiga-im-alten-schulhaus.de\\\/kias2\\\/2022\\\/10\\\/26\\\/tag-der-offenen-tuer-2023\\\/\"]}]},{\"@type\":\"ImageObject\",\"inLanguage\":\"de\",\"@id\":\"https:\\\/\\\/kiga-im-alten-schulhaus.de\\\/kias2\\\/2022\\\/10\\\/26\\\/tag-der-offenen-tuer-2023\\\/#primaryimage\",\"url\":\"https:\\\/\\\/kiga-im-alten-schulhaus.de\\\/kias2\\\/wp-content\\\/uploads\\\/2022\\\/09\\\/KINDERGARTEN_web_ulineumanncosel_87.jpg\",\"contentUrl\":\"https:\\\/\\\/kiga-im-alten-schulhaus.de\\\/kias2\\\/wp-content\\\/uploads\\\/2022\\\/09\\\/KINDERGARTEN_web_ulineumanncosel_87.jpg\",\"width\":2048,\"height\":1365},{\"@type\":\"BreadcrumbList\",\"@id\":\"https:\\\/\\\/kiga-im-alten-schulhaus.de\\\/kias2\\\/2022\\\/10\\\/26\\\/tag-der-offenen-tuer-2023\\\/#breadcrumb\",\"itemListElement\":[{\"@type\":\"ListItem\",\"position\":1,\"name\":\"Home\",\"item\":\"https:\\\/\\\/kiga-im-alten-schulhaus.de\\\/kias2\\\/\"},{\"@type\":\"ListItem\",\"position\":2,\"name\":\"Tag der offenen T\u00fcr 2024\"}]},{\"@type\":\"WebSite\",\"@id\":\"https:\\\/\\\/kiga-im-alten-schulhaus.de\\\/kias2\\\/#website\",\"url\":\"https:\\\/\\\/kiga-im-alten-schulhaus.de\\\/kias2\\\/\",\"name\":\"Kindergarten im alten Schulhaus e.V.\",\"description\":\"\",\"publisher\":{\"@id\":\"https:\\\/\\\/kiga-im-alten-schulhaus.de\\\/kias2\\\/#organization\"},\"potentialAction\":[{\"@type\":\"SearchAction\",\"target\":{\"@type\":\"EntryPoint\",\"urlTemplate\":\"https:\\\/\\\/kiga-im-alten-schulhaus.de\\\/kias2\\\/?s={search_term_string}\"},\"query-input\":{\"@type\":\"PropertyValueSpecification\",\"valueRequired\":true,\"valueName\":\"search_term_string\"}}],\"inLanguage\":\"de\"},{\"@type\":\"Organization\",\"@id\":\"https:\\\/\\\/kiga-im-alten-schulhaus.de\\\/kias2\\\/#organization\",\"name\":\"Kindergarten im Alten Schulhaus e.V.\",\"url\":\"https:\\\/\\\/kiga-im-alten-schulhaus.de\\\/kias2\\\/\",\"logo\":{\"@type\":\"ImageObject\",\"inLanguage\":\"de\",\"@id\":\"https:\\\/\\\/kiga-im-alten-schulhaus.de\\\/kias2\\\/#\\\/schema\\\/logo\\\/image\\\/\",\"url\":\"http:\\\/\\\/kiga-im-alten-schulhaus.de\\\/kias2\\\/wp-content\\\/uploads\\\/2017\\\/03\\\/cropped-haus-1.jpg\",\"contentUrl\":\"http:\\\/\\\/kiga-im-alten-schulhaus.de\\\/kias2\\\/wp-content\\\/uploads\\\/2017\\\/03\\\/cropped-haus-1.jpg\",\"width\":512,\"height\":512,\"caption\":\"Kindergarten im Alten Schulhaus e.V.\"},\"image\":{\"@id\":\"https:\\\/\\\/kiga-im-alten-schulhaus.de\\\/kias2\\\/#\\\/schema\\\/logo\\\/image\\\/\"}},{\"@type\":\"Person\",\"@id\":\"https:\\\/\\\/kiga-im-alten-schulhaus.de\\\/kias2\\\/#\\\/schema\\\/person\\\/69bfccd62bf1c98323380119345d6af0\",\"name\":\"Eva-Katharina Wicha\",\"url\":\"https:\\\/\\\/kiga-im-alten-schulhaus.de\\\/kias2\\\/author\\\/ekwicha\\\/\"}]}<\/script>\n<!-- \/ Yoast SEO plugin. -->","yoast_head_json":{"title":"Kindergarten im alten Schulhaus e.V. &#8211; Tag der offenen T\u00fcr 2024","robots":{"index":"index","follow":"follow","max-snippet":"max-snippet:-1","max-image-preview":"max-image-preview:large","max-video-preview":"max-video-preview:-1"},"canonical":"https:\/\/kiga-im-alten-schulhaus.de\/kias2\/2022\/10\/26\/tag-der-offenen-tuer-2023\/","og_locale":"de_DE","og_type":"article","og_title":"Kindergarten im alten Schulhaus e.V. &#8211; Tag der offenen T\u00fcr 2024","og_description":"26. Januar 2024, 15-17 Uhr","og_url":"https:\/\/kiga-im-alten-schulhaus.de\/kias2\/2022\/10\/26\/tag-der-offenen-tuer-2023\/","og_site_name":"Kindergarten im alten Schulhaus e.V.","article_published_time":"2022-10-26T19:10:16+00:00","article_modified_time":"2024-01-10T18:31:37+00:00","og_image":[{"width":2048,"height":1365,"url":"https:\/\/kiga-im-alten-schulhaus.de\/kias2\/wp-content\/uploads\/2022\/09\/KINDERGARTEN_web_ulineumanncosel_87.jpg","type":"image\/jpeg"}],"author":"Eva-Katharina Wicha","twitter_card":"summary_large_image","twitter_misc":{"Verfasst von":"Eva-Katharina Wicha","Gesch\u00e4tzte Lesezeit":"1\u00a0Minute"},"schema":{"@context":"https:\/\/schema.org","@graph":[{"@type":"Article","@id":"https:\/\/kiga-im-alten-schulhaus.de\/kias2\/2022\/10\/26\/tag-der-offenen-tuer-2023\/#article","isPartOf":{"@id":"https:\/\/kiga-im-alten-schulhaus.de\/kias2\/2022\/10\/26\/tag-der-offenen-tuer-2023\/"},"author":{"name":"Eva-Katharina Wicha","@id":"https:\/\/kiga-im-alten-schulhaus.de\/kias2\/#\/schema\/person\/69bfccd62bf1c98323380119345d6af0"},"headline":"Tag der offenen T\u00fcr 2024","datePublished":"2022-10-26T19:10:16+00:00","dateModified":"2024-01-10T18:31:37+00:00","mainEntityOfPage":{"@id":"https:\/\/kiga-im-alten-schulhaus.de\/kias2\/2022\/10\/26\/tag-der-offenen-tuer-2023\/"},"wordCount":117,"commentCount":0,"publisher":{"@id":"https:\/\/kiga-im-alten-schulhaus.de\/kias2\/#organization"},"image":{"@id":"https:\/\/kiga-im-alten-schulhaus.de\/kias2\/2022\/10\/26\/tag-der-offenen-tuer-2023\/#primaryimage"},"thumbnailUrl":"https:\/\/kiga-im-alten-schulhaus.de\/kias2\/wp-content\/uploads\/2022\/09\/KINDERGARTEN_web_ulineumanncosel_87.jpg","articleSection":["Uncategorized"],"inLanguage":"de","potentialAction":[{"@type":"CommentAction","name":"Comment","target":["https:\/\/kiga-im-alten-schulhaus.de\/kias2\/2022\/10\/26\/tag-der-offenen-tuer-2023\/#respond"]}]},{"@type":"WebPage","@id":"https:\/\/kiga-im-alten-schulhaus.de\/kias2\/2022\/10\/26\/tag-der-offenen-tuer-2023\/","url":"https:\/\/kiga-im-alten-schulhaus.de\/kias2\/2022\/10\/26\/tag-der-offenen-tuer-2023\/","name":"Kindergarten im alten Schulhaus e.V. &#8211; Tag der offenen T\u00fcr 2024","isPartOf":{"@id":"https:\/\/kiga-im-alten-schulhaus.de\/kias2\/#website"},"primaryImageOfPage":{"@id":"https:\/\/kiga-im-alten-schulhaus.de\/kias2\/2022\/10\/26\/tag-der-offenen-tuer-2023\/#primaryimage"},"image":{"@id":"https:\/\/kiga-im-alten-schulhaus.de\/kias2\/2022\/10\/26\/tag-der-offenen-tuer-2023\/#primaryimage"},"thumbnailUrl":"https:\/\/kiga-im-alten-schulhaus.de\/kias2\/wp-content\/uploads\/2022\/09\/KINDERGARTEN_web_ulineumanncosel_87.jpg","datePublished":"2022-10-26T19:10:16+00:00","dateModified":"2024-01-10T18:31:37+00:00","breadcrumb":{"@id":"https:\/\/kiga-im-alten-schulhaus.de\/kias2\/2022\/10\/26\/tag-der-offenen-tuer-2023\/#breadcrumb"},"inLanguage":"de","potentialAction":[{"@type":"ReadAction","target":["https:\/\/kiga-im-alten-schulhaus.de\/kias2\/2022\/10\/26\/tag-der-offenen-tuer-2023\/"]}]},{"@type":"ImageObject","inLanguage":"de","@id":"https:\/\/kiga-im-alten-schulhaus.de\/kias2\/2022\/10\/26\/tag-der-offenen-tuer-2023\/#primaryimage","url":"https:\/\/kiga-im-alten-schulhaus.de\/kias2\/wp-content\/uploads\/2022\/09\/KINDERGARTEN_web_ulineumanncosel_87.jpg","contentUrl":"https:\/\/kiga-im-alten-schulhaus.de\/kias2\/wp-content\/uploads\/2022\/09\/KINDERGARTEN_web_ulineumanncosel_87.jpg","width":2048,"height":1365},{"@type":"BreadcrumbList","@id":"https:\/\/kiga-im-alten-schulhaus.de\/kias2\/2022\/10\/26\/tag-der-offenen-tuer-2023\/#breadcrumb","itemListElement":[{"@type":"ListItem","position":1,"name":"Home","item":"https:\/\/kiga-im-alten-schulhaus.de\/kias2\/"},{"@type":"ListItem","position":2,"name":"Tag der offenen T\u00fcr 2024"}]},{"@type":"WebSite","@id":"https:\/\/kiga-im-alten-schulhaus.de\/kias2\/#website","url":"https:\/\/kiga-im-alten-schulhaus.de\/kias2\/","name":"Kindergarten im alten Schulhaus e.V.","description":"","publisher":{"@id":"https:\/\/kiga-im-alten-schulhaus.de\/kias2\/#organization"},"potentialAction":[{"@type":"SearchAction","target":{"@type":"EntryPoint","urlTemplate":"https:\/\/kiga-im-alten-schulhaus.de\/kias2\/?s={search_term_string}"},"query-input":{"@type":"PropertyValueSpecification","valueRequired":true,"valueName":"search_term_string"}}],"inLanguage":"de"},{"@type":"Organization","@id":"https:\/\/kiga-im-alten-schulhaus.de\/kias2\/#organization","name":"Kindergarten im Alten Schulhaus e.V.","url":"https:\/\/kiga-im-alten-schulhaus.de\/kias2\/","logo":{"@type":"ImageObject","inLanguage":"de","@id":"https:\/\/kiga-im-alten-schulhaus.de\/kias2\/#\/schema\/logo\/image\/","url":"http:\/\/kiga-im-alten-schulhaus.de\/kias2\/wp-content\/uploads\/2017\/03\/cropped-haus-1.jpg","contentUrl":"http:\/\/kiga-im-alten-schulhaus.de\/kias2\/wp-content\/uploads\/2017\/03\/cropped-haus-1.jpg","width":512,"height":512,"caption":"Kindergarten im Alten Schulhaus e.V."},"image":{"@id":"https:\/\/kiga-im-alten-schulhaus.de\/kias2\/#\/schema\/logo\/image\/"}},{"@type":"Person","@id":"https:\/\/kiga-im-alten-schulhaus.de\/kias2\/#\/schema\/person\/69bfccd62bf1c98323380119345d6af0","name":"Eva-Katharina Wicha","url":"https:\/\/kiga-im-alten-schulhaus.de\/kias2\/author\/ekwicha\/"}]}},"_links":{"self":[{"href":"https:\/\/kiga-im-alten-schulhaus.de\/kias2\/wp-json\/wp\/v2\/posts\/1755","targetHints":{"allow":["GET"]}}],"collection":[{"href":"https:\/\/kiga-im-alten-schulhaus.de\/kias2\/wp-json\/wp\/v2\/posts"}],"about":[{"href":"https:\/\/kiga-im-alten-schulhaus.de\/kias2\/wp-json\/wp\/v2\/types\/post"}],"author":[{"embeddable":true,"href":"https:\/\/kiga-im-alten-schulhaus.de\/kias2\/wp-json\/wp\/v2\/users\/9"}],"replies":[{"embeddable":true,"href":"https:\/\/kiga-im-alten-schulhaus.de\/kias2\/wp-json\/wp\/v2\/comments?post=1755"}],"version-history":[{"count":10,"href":"https:\/\/kiga-im-alten-schulhaus.de\/kias2\/wp-json\/wp\/v2\/posts\/1755\/revisions"}],"predecessor-version":[{"id":2096,"href":"https:\/\/kiga-im-alten-schulhaus.de\/kias2\/wp-json\/wp\/v2\/posts\/1755\/revisions\/2096"}],"wp:featuredmedia":[{"embeddable":true,"href":"https:\/\/kiga-im-alten-schulhaus.de\/kias2\/wp-json\/wp\/v2\/media\/1649"}],"wp:attachment":[{"href":"https:\/\/kiga-im-alten-schulhaus.de\/kias2\/wp-json\/wp\/v2\/media?parent=1755"}],"wp:term":[{"taxonomy":"category","embeddable":true,"href":"https:\/\/kiga-im-alten-schulhaus.de\/kias2\/wp-json\/wp\/v2\/categories?post=1755"},{"taxonomy":"post_tag","embeddable":true,"href":"https:\/\/kiga-im-alten-schulhaus.de\/kias2\/wp-json\/wp\/v2\/tags?post=1755"}],"curies":[{"name":"wp","href":"https:\/\/api.w.org\/{rel}","templated":true}]}}