{"id":833,"date":"2018-03-13T14:25:06","date_gmt":"2018-03-13T13:25:06","guid":{"rendered":"http:\/\/kiga-im-alten-schulhaus.de\/kias2\/?p=833"},"modified":"2018-06-14T20:52:15","modified_gmt":"2018-06-14T19:52:15","slug":"ausflug-in-die-bmw-welt","status":"publish","type":"post","link":"https:\/\/kiga-im-alten-schulhaus.de\/kias2\/2018\/03\/13\/ausflug-in-die-bmw-welt\/","title":{"rendered":"Ausflug in die BMW-Welt"},"content":{"rendered":"<p>&#8230;..hie\u00df der Workshop f\u00fcr unsere Kinder im BMW-Museum.<\/p>\n<p><!--nextpage--><\/p>\n<p>&nbsp;<\/p>\n<p><img loading=\"lazy\" decoding=\"async\" class=\"alignnone wp-image-829\" src=\"https:\/\/kiga-im-alten-schulhaus.de\/kias2\/wp-content\/uploads\/2017\/06\/SAM_5612-300x225.jpg\" alt=\"\" width=\"155\" height=\"116\" srcset=\"https:\/\/kiga-im-alten-schulhaus.de\/kias2\/wp-content\/uploads\/2017\/06\/SAM_5612-300x225.jpg 300w, https:\/\/kiga-im-alten-schulhaus.de\/kias2\/wp-content\/uploads\/2017\/06\/SAM_5612-768x576.jpg 768w, https:\/\/kiga-im-alten-schulhaus.de\/kias2\/wp-content\/uploads\/2017\/06\/SAM_5612-1024x768.jpg 1024w\" sizes=\"auto, (max-width: 155px) 100vw, 155px\" \/>\u00a0\u00a0\u00a0\u00a0\u00a0\u00a0\u00a0\u00a0\u00a0\u00a0\u00a0\u00a0\u00a0\u00a0\u00a0\u00a0<img loading=\"lazy\" decoding=\"async\" class=\"alignnone wp-image-830\" src=\"https:\/\/kiga-im-alten-schulhaus.de\/kias2\/wp-content\/uploads\/2017\/06\/SAM_5615-300x225.jpg\" alt=\"\" width=\"153\" height=\"115\" srcset=\"https:\/\/kiga-im-alten-schulhaus.de\/kias2\/wp-content\/uploads\/2017\/06\/SAM_5615-300x225.jpg 300w, https:\/\/kiga-im-alten-schulhaus.de\/kias2\/wp-content\/uploads\/2017\/06\/SAM_5615-768x576.jpg 768w, https:\/\/kiga-im-alten-schulhaus.de\/kias2\/wp-content\/uploads\/2017\/06\/SAM_5615-1024x768.jpg 1024w\" sizes=\"auto, (max-width: 153px) 100vw, 153px\" \/>\u00a0\u00a0\u00a0\u00a0\u00a0\u00a0\u00a0\u00a0\u00a0\u00a0\u00a0\u00a0\u00a0\u00a0 <img loading=\"lazy\" decoding=\"async\" class=\"alignnone wp-image-831\" src=\"https:\/\/kiga-im-alten-schulhaus.de\/kias2\/wp-content\/uploads\/2017\/06\/SAM_5634-300x225.jpg\" alt=\"\" width=\"150\" height=\"113\" srcset=\"https:\/\/kiga-im-alten-schulhaus.de\/kias2\/wp-content\/uploads\/2017\/06\/SAM_5634-300x225.jpg 300w, https:\/\/kiga-im-alten-schulhaus.de\/kias2\/wp-content\/uploads\/2017\/06\/SAM_5634-768x576.jpg 768w, https:\/\/kiga-im-alten-schulhaus.de\/kias2\/wp-content\/uploads\/2017\/06\/SAM_5634-1024x768.jpg 1024w\" sizes=\"auto, (max-width: 150px) 100vw, 150px\" \/><\/p>\n<p><em><strong>FORMEN\u00a0\u00a0\u00a0\u00a0\u00a0\u00a0\u00a0\u00a0\u00a0\u00a0\u00a0\u00a0\u00a0\u00a0\u00a0\u00a0\u00a0\u00a0\u00a0\u00a0\u00a0\u00a0\u00a0\u00a0\u00a0\u00a0\u00a0\u00a0\u00a0\u00a0\u00a0\u00a0\u00a0 FARBEN\u00a0\u00a0\u00a0\u00a0\u00a0\u00a0\u00a0\u00a0\u00a0\u00a0\u00a0\u00a0\u00a0\u00a0\u00a0\u00a0\u00a0\u00a0\u00a0\u00a0\u00a0\u00a0\u00a0\u00a0\u00a0\u00a0\u00a0\u00a0\u00a0\u00a0\u00a0\u00a0\u00a0\u00a0FAHRZEUGE<\/strong><\/em><\/p>\n<p>&nbsp;<\/p>\n<p>Sie gingen dort auf eine besondere Entdeckungsreise. Bei unterhaltsamen \u00dcbungen und Geschichten rund um das Auto schulten die Kinder w\u00e4hrend des Rundgangs ihre Wahrnehmung, Motorik und Merkf\u00e4higkeit.<\/p>\n<p>Zum Schluss wurde es noch richtig kreativ. In einem \u00dcbungsheft l\u00f6ste\u00a0die\u00a0Gruppe\u00a0gemeinsam Aufgaben und wiederholten spielerisch das Gelernte.<\/p>\n<p>&nbsp;<\/p>\n<p>&nbsp;<\/p>\n<p>&nbsp;<\/p>\n","protected":false},"excerpt":{"rendered":"<p>&#8230;..hie\u00df der Workshop f\u00fcr unsere Kinder im BMW-Museum.<\/p>\n","protected":false},"author":11,"featured_media":828,"comment_status":"open","ping_status":"open","sticky":false,"template":"","format":"standard","meta":{"footnotes":""},"categories":[10],"tags":[],"class_list":["post-833","post","type-post","status-publish","format-standard","has-post-thumbnail","hentry","category-aktuelles"],"yoast_head":"<!-- This site is optimized with the Yoast SEO plugin v27.5 - https:\/\/yoast.com\/product\/yoast-seo-wordpress\/ -->\n<title>Kindergarten im alten Schulhaus e.V. &#8211; Ausflug in die BMW-Welt<\/title>\n<meta name=\"robots\" content=\"index, follow, max-snippet:-1, max-image-preview:large, max-video-preview:-1\" \/>\n<link rel=\"canonical\" href=\"https:\/\/kiga-im-alten-schulhaus.de\/kias2\/2018\/03\/13\/ausflug-in-die-bmw-welt\/\" \/>\n<link rel=\"next\" href=\"https:\/\/kiga-im-alten-schulhaus.de\/kias2\/2018\/03\/13\/ausflug-in-die-bmw-welt\/2\/\" \/>\n<meta property=\"og:locale\" content=\"de_DE\" \/>\n<meta property=\"og:type\" content=\"article\" \/>\n<meta property=\"og:title\" content=\"Kindergarten im alten Schulhaus e.V. &#8211; Ausflug in die BMW-Welt\" \/>\n<meta property=\"og:description\" content=\"&#8230;..hie\u00df der Workshop f\u00fcr unsere Kinder im BMW-Museum.\" \/>\n<meta property=\"og:url\" content=\"https:\/\/kiga-im-alten-schulhaus.de\/kias2\/2018\/03\/13\/ausflug-in-die-bmw-welt\/\" \/>\n<meta property=\"og:site_name\" content=\"Kindergarten im alten Schulhaus e.V.\" \/>\n<meta property=\"article:published_time\" content=\"2018-03-13T13:25:06+00:00\" \/>\n<meta property=\"article:modified_time\" content=\"2018-06-14T19:52:15+00:00\" \/>\n<meta property=\"og:image\" content=\"https:\/\/kiga-im-alten-schulhaus.de\/kias2\/wp-content\/uploads\/2017\/06\/SAM_5610-e1506102902626.jpg\" \/>\n\t<meta property=\"og:image:width\" content=\"1024\" \/>\n\t<meta property=\"og:image:height\" content=\"768\" \/>\n\t<meta property=\"og:image:type\" content=\"image\/jpeg\" \/>\n<meta name=\"author\" content=\"IT Amt\" \/>\n<meta name=\"twitter:card\" content=\"summary_large_image\" \/>\n<meta name=\"twitter:label1\" content=\"Verfasst von\" \/>\n\t<meta name=\"twitter:data1\" content=\"IT Amt\" \/>\n<script type=\"application\/ld+json\" class=\"yoast-schema-graph\">{\"@context\":\"https:\\\/\\\/schema.org\",\"@graph\":[{\"@type\":\"Article\",\"@id\":\"https:\\\/\\\/kiga-im-alten-schulhaus.de\\\/kias2\\\/2018\\\/03\\\/13\\\/ausflug-in-die-bmw-welt\\\/#article\",\"isPartOf\":{\"@id\":\"https:\\\/\\\/kiga-im-alten-schulhaus.de\\\/kias2\\\/2018\\\/03\\\/13\\\/ausflug-in-die-bmw-welt\\\/\"},\"author\":{\"name\":\"IT Amt\",\"@id\":\"https:\\\/\\\/kiga-im-alten-schulhaus.de\\\/kias2\\\/#\\\/schema\\\/person\\\/d26c8530df301e82287b24b5ebf30c77\"},\"headline\":\"Ausflug in die BMW-Welt\",\"datePublished\":\"2018-03-13T13:25:06+00:00\",\"dateModified\":\"2018-06-14T19:52:15+00:00\",\"mainEntityOfPage\":{\"@id\":\"https:\\\/\\\/kiga-im-alten-schulhaus.de\\\/kias2\\\/2018\\\/03\\\/13\\\/ausflug-in-die-bmw-welt\\\/\"},\"wordCount\":71,\"commentCount\":0,\"publisher\":{\"@id\":\"https:\\\/\\\/kiga-im-alten-schulhaus.de\\\/kias2\\\/#organization\"},\"image\":{\"@id\":\"https:\\\/\\\/kiga-im-alten-schulhaus.de\\\/kias2\\\/2018\\\/03\\\/13\\\/ausflug-in-die-bmw-welt\\\/#primaryimage\"},\"thumbnailUrl\":\"https:\\\/\\\/kiga-im-alten-schulhaus.de\\\/kias2\\\/wp-content\\\/uploads\\\/2017\\\/06\\\/SAM_5610-e1506102902626.jpg\",\"articleSection\":[\"Aktuelles\"],\"inLanguage\":\"de\",\"potentialAction\":[{\"@type\":\"CommentAction\",\"name\":\"Comment\",\"target\":[\"https:\\\/\\\/kiga-im-alten-schulhaus.de\\\/kias2\\\/2018\\\/03\\\/13\\\/ausflug-in-die-bmw-welt\\\/#respond\"]}]},{\"@type\":\"WebPage\",\"@id\":\"https:\\\/\\\/kiga-im-alten-schulhaus.de\\\/kias2\\\/2018\\\/03\\\/13\\\/ausflug-in-die-bmw-welt\\\/\",\"url\":\"https:\\\/\\\/kiga-im-alten-schulhaus.de\\\/kias2\\\/2018\\\/03\\\/13\\\/ausflug-in-die-bmw-welt\\\/\",\"name\":\"Kindergarten im alten Schulhaus e.V. &#8211; Ausflug in die BMW-Welt\",\"isPartOf\":{\"@id\":\"https:\\\/\\\/kiga-im-alten-schulhaus.de\\\/kias2\\\/#website\"},\"primaryImageOfPage\":{\"@id\":\"https:\\\/\\\/kiga-im-alten-schulhaus.de\\\/kias2\\\/2018\\\/03\\\/13\\\/ausflug-in-die-bmw-welt\\\/#primaryimage\"},\"image\":{\"@id\":\"https:\\\/\\\/kiga-im-alten-schulhaus.de\\\/kias2\\\/2018\\\/03\\\/13\\\/ausflug-in-die-bmw-welt\\\/#primaryimage\"},\"thumbnailUrl\":\"https:\\\/\\\/kiga-im-alten-schulhaus.de\\\/kias2\\\/wp-content\\\/uploads\\\/2017\\\/06\\\/SAM_5610-e1506102902626.jpg\",\"datePublished\":\"2018-03-13T13:25:06+00:00\",\"dateModified\":\"2018-06-14T19:52:15+00:00\",\"inLanguage\":\"de\",\"potentialAction\":[{\"@type\":\"ReadAction\",\"target\":[\"https:\\\/\\\/kiga-im-alten-schulhaus.de\\\/kias2\\\/2018\\\/03\\\/13\\\/ausflug-in-die-bmw-welt\\\/\"]}]},{\"@type\":\"ImageObject\",\"inLanguage\":\"de\",\"@id\":\"https:\\\/\\\/kiga-im-alten-schulhaus.de\\\/kias2\\\/2018\\\/03\\\/13\\\/ausflug-in-die-bmw-welt\\\/#primaryimage\",\"url\":\"https:\\\/\\\/kiga-im-alten-schulhaus.de\\\/kias2\\\/wp-content\\\/uploads\\\/2017\\\/06\\\/SAM_5610-e1506102902626.jpg\",\"contentUrl\":\"https:\\\/\\\/kiga-im-alten-schulhaus.de\\\/kias2\\\/wp-content\\\/uploads\\\/2017\\\/06\\\/SAM_5610-e1506102902626.jpg\",\"width\":1024,\"height\":768},{\"@type\":\"WebSite\",\"@id\":\"https:\\\/\\\/kiga-im-alten-schulhaus.de\\\/kias2\\\/#website\",\"url\":\"https:\\\/\\\/kiga-im-alten-schulhaus.de\\\/kias2\\\/\",\"name\":\"Kindergarten im alten Schulhaus e.V.\",\"description\":\"\",\"publisher\":{\"@id\":\"https:\\\/\\\/kiga-im-alten-schulhaus.de\\\/kias2\\\/#organization\"},\"potentialAction\":[{\"@type\":\"SearchAction\",\"target\":{\"@type\":\"EntryPoint\",\"urlTemplate\":\"https:\\\/\\\/kiga-im-alten-schulhaus.de\\\/kias2\\\/?s={search_term_string}\"},\"query-input\":{\"@type\":\"PropertyValueSpecification\",\"valueRequired\":true,\"valueName\":\"search_term_string\"}}],\"inLanguage\":\"de\"},{\"@type\":\"Organization\",\"@id\":\"https:\\\/\\\/kiga-im-alten-schulhaus.de\\\/kias2\\\/#organization\",\"name\":\"Kindergarten im Alten Schulhaus e.V.\",\"url\":\"https:\\\/\\\/kiga-im-alten-schulhaus.de\\\/kias2\\\/\",\"logo\":{\"@type\":\"ImageObject\",\"inLanguage\":\"de\",\"@id\":\"https:\\\/\\\/kiga-im-alten-schulhaus.de\\\/kias2\\\/#\\\/schema\\\/logo\\\/image\\\/\",\"url\":\"http:\\\/\\\/kiga-im-alten-schulhaus.de\\\/kias2\\\/wp-content\\\/uploads\\\/2017\\\/03\\\/cropped-haus-1.jpg\",\"contentUrl\":\"http:\\\/\\\/kiga-im-alten-schulhaus.de\\\/kias2\\\/wp-content\\\/uploads\\\/2017\\\/03\\\/cropped-haus-1.jpg\",\"width\":512,\"height\":512,\"caption\":\"Kindergarten im Alten Schulhaus e.V.\"},\"image\":{\"@id\":\"https:\\\/\\\/kiga-im-alten-schulhaus.de\\\/kias2\\\/#\\\/schema\\\/logo\\\/image\\\/\"}},{\"@type\":\"Person\",\"@id\":\"https:\\\/\\\/kiga-im-alten-schulhaus.de\\\/kias2\\\/#\\\/schema\\\/person\\\/d26c8530df301e82287b24b5ebf30c77\",\"name\":\"IT Amt\",\"sameAs\":[\"http:\\\/\\\/kiga-im-alten-schulhaus.de\\\/\"],\"url\":\"https:\\\/\\\/kiga-im-alten-schulhaus.de\\\/kias2\\\/author\\\/it-amt\\\/\"}]}<\/script>\n<!-- \/ Yoast SEO plugin. -->","yoast_head_json":{"title":"Kindergarten im alten Schulhaus e.V. &#8211; Ausflug in die BMW-Welt","robots":{"index":"index","follow":"follow","max-snippet":"max-snippet:-1","max-image-preview":"max-image-preview:large","max-video-preview":"max-video-preview:-1"},"canonical":"https:\/\/kiga-im-alten-schulhaus.de\/kias2\/2018\/03\/13\/ausflug-in-die-bmw-welt\/","next":"https:\/\/kiga-im-alten-schulhaus.de\/kias2\/2018\/03\/13\/ausflug-in-die-bmw-welt\/2\/","og_locale":"de_DE","og_type":"article","og_title":"Kindergarten im alten Schulhaus e.V. &#8211; Ausflug in die BMW-Welt","og_description":"&#8230;..hie\u00df der Workshop f\u00fcr unsere Kinder im BMW-Museum.","og_url":"https:\/\/kiga-im-alten-schulhaus.de\/kias2\/2018\/03\/13\/ausflug-in-die-bmw-welt\/","og_site_name":"Kindergarten im alten Schulhaus e.V.","article_published_time":"2018-03-13T13:25:06+00:00","article_modified_time":"2018-06-14T19:52:15+00:00","og_image":[{"width":1024,"height":768,"url":"https:\/\/kiga-im-alten-schulhaus.de\/kias2\/wp-content\/uploads\/2017\/06\/SAM_5610-e1506102902626.jpg","type":"image\/jpeg"}],"author":"IT Amt","twitter_card":"summary_large_image","twitter_misc":{"Verfasst von":"IT Amt"},"schema":{"@context":"https:\/\/schema.org","@graph":[{"@type":"Article","@id":"https:\/\/kiga-im-alten-schulhaus.de\/kias2\/2018\/03\/13\/ausflug-in-die-bmw-welt\/#article","isPartOf":{"@id":"https:\/\/kiga-im-alten-schulhaus.de\/kias2\/2018\/03\/13\/ausflug-in-die-bmw-welt\/"},"author":{"name":"IT Amt","@id":"https:\/\/kiga-im-alten-schulhaus.de\/kias2\/#\/schema\/person\/d26c8530df301e82287b24b5ebf30c77"},"headline":"Ausflug in die BMW-Welt","datePublished":"2018-03-13T13:25:06+00:00","dateModified":"2018-06-14T19:52:15+00:00","mainEntityOfPage":{"@id":"https:\/\/kiga-im-alten-schulhaus.de\/kias2\/2018\/03\/13\/ausflug-in-die-bmw-welt\/"},"wordCount":71,"commentCount":0,"publisher":{"@id":"https:\/\/kiga-im-alten-schulhaus.de\/kias2\/#organization"},"image":{"@id":"https:\/\/kiga-im-alten-schulhaus.de\/kias2\/2018\/03\/13\/ausflug-in-die-bmw-welt\/#primaryimage"},"thumbnailUrl":"https:\/\/kiga-im-alten-schulhaus.de\/kias2\/wp-content\/uploads\/2017\/06\/SAM_5610-e1506102902626.jpg","articleSection":["Aktuelles"],"inLanguage":"de","potentialAction":[{"@type":"CommentAction","name":"Comment","target":["https:\/\/kiga-im-alten-schulhaus.de\/kias2\/2018\/03\/13\/ausflug-in-die-bmw-welt\/#respond"]}]},{"@type":"WebPage","@id":"https:\/\/kiga-im-alten-schulhaus.de\/kias2\/2018\/03\/13\/ausflug-in-die-bmw-welt\/","url":"https:\/\/kiga-im-alten-schulhaus.de\/kias2\/2018\/03\/13\/ausflug-in-die-bmw-welt\/","name":"Kindergarten im alten Schulhaus e.V. &#8211; Ausflug in die BMW-Welt","isPartOf":{"@id":"https:\/\/kiga-im-alten-schulhaus.de\/kias2\/#website"},"primaryImageOfPage":{"@id":"https:\/\/kiga-im-alten-schulhaus.de\/kias2\/2018\/03\/13\/ausflug-in-die-bmw-welt\/#primaryimage"},"image":{"@id":"https:\/\/kiga-im-alten-schulhaus.de\/kias2\/2018\/03\/13\/ausflug-in-die-bmw-welt\/#primaryimage"},"thumbnailUrl":"https:\/\/kiga-im-alten-schulhaus.de\/kias2\/wp-content\/uploads\/2017\/06\/SAM_5610-e1506102902626.jpg","datePublished":"2018-03-13T13:25:06+00:00","dateModified":"2018-06-14T19:52:15+00:00","inLanguage":"de","potentialAction":[{"@type":"ReadAction","target":["https:\/\/kiga-im-alten-schulhaus.de\/kias2\/2018\/03\/13\/ausflug-in-die-bmw-welt\/"]}]},{"@type":"ImageObject","inLanguage":"de","@id":"https:\/\/kiga-im-alten-schulhaus.de\/kias2\/2018\/03\/13\/ausflug-in-die-bmw-welt\/#primaryimage","url":"https:\/\/kiga-im-alten-schulhaus.de\/kias2\/wp-content\/uploads\/2017\/06\/SAM_5610-e1506102902626.jpg","contentUrl":"https:\/\/kiga-im-alten-schulhaus.de\/kias2\/wp-content\/uploads\/2017\/06\/SAM_5610-e1506102902626.jpg","width":1024,"height":768},{"@type":"WebSite","@id":"https:\/\/kiga-im-alten-schulhaus.de\/kias2\/#website","url":"https:\/\/kiga-im-alten-schulhaus.de\/kias2\/","name":"Kindergarten im alten Schulhaus e.V.","description":"","publisher":{"@id":"https:\/\/kiga-im-alten-schulhaus.de\/kias2\/#organization"},"potentialAction":[{"@type":"SearchAction","target":{"@type":"EntryPoint","urlTemplate":"https:\/\/kiga-im-alten-schulhaus.de\/kias2\/?s={search_term_string}"},"query-input":{"@type":"PropertyValueSpecification","valueRequired":true,"valueName":"search_term_string"}}],"inLanguage":"de"},{"@type":"Organization","@id":"https:\/\/kiga-im-alten-schulhaus.de\/kias2\/#organization","name":"Kindergarten im Alten Schulhaus e.V.","url":"https:\/\/kiga-im-alten-schulhaus.de\/kias2\/","logo":{"@type":"ImageObject","inLanguage":"de","@id":"https:\/\/kiga-im-alten-schulhaus.de\/kias2\/#\/schema\/logo\/image\/","url":"http:\/\/kiga-im-alten-schulhaus.de\/kias2\/wp-content\/uploads\/2017\/03\/cropped-haus-1.jpg","contentUrl":"http:\/\/kiga-im-alten-schulhaus.de\/kias2\/wp-content\/uploads\/2017\/03\/cropped-haus-1.jpg","width":512,"height":512,"caption":"Kindergarten im Alten Schulhaus e.V."},"image":{"@id":"https:\/\/kiga-im-alten-schulhaus.de\/kias2\/#\/schema\/logo\/image\/"}},{"@type":"Person","@id":"https:\/\/kiga-im-alten-schulhaus.de\/kias2\/#\/schema\/person\/d26c8530df301e82287b24b5ebf30c77","name":"IT Amt","sameAs":["http:\/\/kiga-im-alten-schulhaus.de\/"],"url":"https:\/\/kiga-im-alten-schulhaus.de\/kias2\/author\/it-amt\/"}]}},"_links":{"self":[{"href":"https:\/\/kiga-im-alten-schulhaus.de\/kias2\/wp-json\/wp\/v2\/posts\/833","targetHints":{"allow":["GET"]}}],"collection":[{"href":"https:\/\/kiga-im-alten-schulhaus.de\/kias2\/wp-json\/wp\/v2\/posts"}],"about":[{"href":"https:\/\/kiga-im-alten-schulhaus.de\/kias2\/wp-json\/wp\/v2\/types\/post"}],"author":[{"embeddable":true,"href":"https:\/\/kiga-im-alten-schulhaus.de\/kias2\/wp-json\/wp\/v2\/users\/11"}],"replies":[{"embeddable":true,"href":"https:\/\/kiga-im-alten-schulhaus.de\/kias2\/wp-json\/wp\/v2\/comments?post=833"}],"version-history":[{"count":6,"href":"https:\/\/kiga-im-alten-schulhaus.de\/kias2\/wp-json\/wp\/v2\/posts\/833\/revisions"}],"predecessor-version":[{"id":1012,"href":"https:\/\/kiga-im-alten-schulhaus.de\/kias2\/wp-json\/wp\/v2\/posts\/833\/revisions\/1012"}],"wp:featuredmedia":[{"embeddable":true,"href":"https:\/\/kiga-im-alten-schulhaus.de\/kias2\/wp-json\/wp\/v2\/media\/828"}],"wp:attachment":[{"href":"https:\/\/kiga-im-alten-schulhaus.de\/kias2\/wp-json\/wp\/v2\/media?parent=833"}],"wp:term":[{"taxonomy":"category","embeddable":true,"href":"https:\/\/kiga-im-alten-schulhaus.de\/kias2\/wp-json\/wp\/v2\/categories?post=833"},{"taxonomy":"post_tag","embeddable":true,"href":"https:\/\/kiga-im-alten-schulhaus.de\/kias2\/wp-json\/wp\/v2\/tags?post=833"}],"curies":[{"name":"wp","href":"https:\/\/api.w.org\/{rel}","templated":true}]}}